{"id":1484,"date":"2022-02-13T14:43:58","date_gmt":"2022-02-13T13:43:58","guid":{"rendered":"https:\/\/blog.emploitic.com\/?p=1484"},"modified":"2023-03-08T13:17:47","modified_gmt":"2023-03-08T12:17:47","slug":"retrospective-2020-emploitic-encore-plus-proche-de-ses-partenaires","status":"publish","type":"post","link":"https:\/\/blog.emploitic.com\/index.php\/retrospective-2020-emploitic-encore-plus-proche-de-ses-partenaires\/","title":{"rendered":"R\u00e9trospective 2020 : Emploitic, encore plus proche de ses partenaires"},"content":{"rendered":"\n<p>La crise sanitaire et la distanciation sociale ne nous ont pas emp\u00each\u00e9 d&#8217;\u00eatre proches de vous qui nous avez sollicit\u00e9, bien au contraire ! Ne pouvant pas vous accueillir dans nos locaux, nous avons continu\u00e9 \u00e0 \u00eatre proches de vous et \u00e0 de vous conseiller \u00e0 distance.<\/p>\n\n\n\n<p>Pour maintenir cette proximit\u00e9, plusieurs actions d&#8217;accompagnement ont \u00e9t\u00e9 lanc\u00e9es en digital :<\/p>\n\n\n\n<p><strong>Rencontres RH:<\/strong><\/p>\n\n\n\n<p>Nos rencontres&nbsp;<strong>matin\u00e9es RH<\/strong>&nbsp;se sont digitalis\u00e9es cette ann\u00e9e ! Nous avons maintenu nos habituelles rencontres d&#8217;\u00e9change et de partage entre RH \u00e0 travers une vingtaine de webinars avec des th\u00e9matiques inspirantes, et en accord avec l&#8217;actualit\u00e9 li\u00e9e \u00e0 la pand\u00e9mie. Ces wotrkshops ont permis aux entreprises d&#8217;\u00eatre accompagn\u00e9es sur les derni\u00e8res tendances li\u00e9es au march\u00e9 du recrutement, et les a accompagn\u00e9 \u00e0 s&#8217;adapter au contexte particulier qu&#8217;\u00e0 connu l&#8217;ann\u00e9e 2020.<\/p>\n\n\n\n<p><a href=\"https:\/\/www.emploitic.com\/blog-emploi\/%C3%A9v%C3%A9nements\/1108-retour-sur-les-matin%C3%A9es-rh-2020-by-emploitic\" target=\"_blank\" rel=\"noreferrer noopener\">Voir les Replays<\/a><\/p>\n\n\n\n<p><strong>Webi formations:<\/strong><\/p>\n\n\n\n<p>Depuis le d\u00e9but de la crise sanitaire, Emploitic a lanc\u00e9 une&nbsp;<strong>s\u00e9rie de formations<\/strong>&nbsp;en ligne pour accompagner les recruteurs et optimiser la gestion de leurs projets de recrutement sur le logiciel de gestion des recrutements&nbsp;<a href=\"http:\/\/www.talenteo.com\/\" target=\"_blank\" rel=\"noreferrer noopener\"><strong>Talenteo<\/strong><\/a>, d\u00e9velopp\u00e9 par Emploitic. Depuis Mars,&nbsp;de nombreuses formations ont \u00e9t\u00e9 assur\u00e9es, et ont permis \u00e0 plus de&nbsp;<strong>225 recruteurs<\/strong>&nbsp;d&#8217;optimiser l&#8217;utilisation de la plateforme de recrutement.<\/p>\n\n\n\n<p><a href=\"https:\/\/www.emploitic.com\/blog-emploi\/nos-solutions\/1109-retour-sur-les-webi-formation-sur-talenteo-com\" target=\"_blank\" rel=\"noreferrer noopener\">Voir les Replays<\/a><\/p>\n\n\n\n<p><strong>Webinars Conseils Carri\u00e8re:&nbsp;<\/strong><\/p>\n\n\n\n<p>Emploitic a lanc\u00e9 une s\u00e9rie de Webinars Conseils pour les candidats, avec la collaboration d\u2019une multitude d\u2019experts en Ressources Humaines, ainsi que des dirigeants d\u2019entreprises. Le principe de ces conf\u00e9rences en ligne est de r\u00e9unir un maximum de candidats autour de th\u00e9matiques importantes, qu\u2019elles soient li\u00e9es au recrutement, \u00e0 la conduite des entretiens d\u2019embauche ou encore \u00e0 la d\u00e9couverte de m\u00e9tiers. A la cl\u00e9, une&nbsp;<strong>50aine de webinars<\/strong>&nbsp;anim\u00e9s suivis par plus de&nbsp;<strong>10 000 chercheurs d&#8217;emploi<\/strong>, avec plus de&nbsp;<strong>5000 minutes<\/strong>&nbsp;de coaching .<\/p>\n\n\n\n<p><a href=\"https:\/\/www.emploitic.com\/blog-emploi\/gerer-sa-carriere\/973-emploitic-accompagne-des-candidats-%C3%A0-distance-gr%C3%A2ce-%C3%A0-des-webinars-conseils-2\" target=\"_blank\" rel=\"noreferrer noopener\">Voir les Replays<\/a><\/p>\n\n\n\n<p><strong>Webinars de l&#8217;INT:<\/strong><\/p>\n\n\n\n<p>En partenariat avec l&#8217;<strong>Institut National du travail<\/strong>, plusieurs webinars ont \u00e9t\u00e9 programm\u00e9s dans le but de vulgariser les principales mesures prises par les organes accompagnant les entreprises durant cette crise de la Covid-19, tels que la M\u00e9decine du Travail, la CNAS ou l\u2019Inspection du Travail. Anim\u00e9s par des experts exer\u00e7ant au sein de ces institutions, et consultants aupr\u00e8s de l\u2019INT, cette s\u00e9rie de conf\u00e9rences a permis d&#8217;accompagner et conseiller les entreprises sur les mesures \u00e0 entreprendre afin de faire face \u00e0 cette crise sanitaire.<\/p>\n\n\n\n<p><a href=\"https:\/\/www.emploitic.com\/blog-emploi\/actualite-news\/1044-emploitic-partenaire-de-l%E2%80%99institut-national-du-travail\">Voir les Replays<\/a><\/p>\n\n\n\n<p>Equipe Emploitic<\/p>\n","protected":false},"excerpt":{"rendered":"<p>La crise sanitaire et la distanciation sociale ne nous ont pas emp\u00each\u00e9 d&#8217;\u00eatre proches de vous qui nous avez sollicit\u00e9, bien au contraire ! Ne pouvant pas vous accueillir dans nos locaux, nous avons continu\u00e9 \u00e0 \u00eatre proches de vous et \u00e0 de vous conseiller \u00e0 distance. Pour maintenir cette proximit\u00e9, plusieurs actions d&#8217;accompagnement ont [&hellip;]<\/p>\n","protected":false},"author":7,"featured_media":2949,"comment_status":"open","ping_status":"open","sticky":false,"template":"","format":"standard","meta":{"om_disable_all_campaigns":false,"_monsterinsights_skip_tracking":false,"_monsterinsights_sitenote_active":false,"_monsterinsights_sitenote_note":"","_monsterinsights_sitenote_category":0,"_themeisle_gutenberg_block_has_review":false,"footnotes":""},"categories":[4],"tags":[],"class_list":["post-1484","post","type-post","status-publish","format-standard","has-post-thumbnail","hentry","category-management-rh"],"aioseo_notices":[],"_links":{"self":[{"href":"https:\/\/blog.emploitic.com\/index.php\/wp-json\/wp\/v2\/posts\/1484","targetHints":{"allow":["GET"]}}],"collection":[{"href":"https:\/\/blog.emploitic.com\/index.php\/wp-json\/wp\/v2\/posts"}],"about":[{"href":"https:\/\/blog.emploitic.com\/index.php\/wp-json\/wp\/v2\/types\/post"}],"author":[{"embeddable":true,"href":"https:\/\/blog.emploitic.com\/index.php\/wp-json\/wp\/v2\/users\/7"}],"replies":[{"embeddable":true,"href":"https:\/\/blog.emploitic.com\/index.php\/wp-json\/wp\/v2\/comments?post=1484"}],"version-history":[{"count":0,"href":"https:\/\/blog.emploitic.com\/index.php\/wp-json\/wp\/v2\/posts\/1484\/revisions"}],"wp:featuredmedia":[{"embeddable":true,"href":"https:\/\/blog.emploitic.com\/index.php\/wp-json\/wp\/v2\/media\/2949"}],"wp:attachment":[{"href":"https:\/\/blog.emploitic.com\/index.php\/wp-json\/wp\/v2\/media?parent=1484"}],"wp:term":[{"taxonomy":"category","embeddable":true,"href":"https:\/\/blog.emploitic.com\/index.php\/wp-json\/wp\/v2\/categories?post=1484"},{"taxonomy":"post_tag","embeddable":true,"href":"https:\/\/blog.emploitic.com\/index.php\/wp-json\/wp\/v2\/tags?post=1484"}],"curies":[{"name":"wp","href":"https:\/\/api.w.org\/{rel}","templated":true}]}}