{"id":1496,"date":"2022-02-13T14:55:18","date_gmt":"2022-02-13T13:55:18","guid":{"rendered":"https:\/\/blog.emploitic.com\/?p=1496"},"modified":"2023-04-08T17:53:38","modified_gmt":"2023-04-08T15:53:38","slug":"talent-day-2020-i-edition-digitale-rendez-vous-le-16-decembre-a-9h30","status":"publish","type":"post","link":"https:\/\/blog.emploitic.com\/index.php\/talent-day-2020-i-edition-digitale-rendez-vous-le-16-decembre-a-9h30\/","title":{"rendered":"Talent Day 2020 I Edition Digitale : Rendez-vous le 16 d\u00e9cembre \u00e0 9H30"},"content":{"rendered":"\n<p>On vous donne rendez-vous ce mercredi&nbsp;<strong>16 d\u00e9cembre \u00e0 9H30&nbsp;<\/strong>pour la 3\u00e8me \u00e9dition du Talent Day, la conf\u00e9rence annuelle RH pour&nbsp;<strong>Inspirer les pratiques RH de demain !<\/strong><\/p>\n\n\n\n<p><strong>Retrouvez en direct<\/strong>&nbsp;des DRH et DG avec&nbsp;<strong>Ahmed Lahri<\/strong>&nbsp;autour d&#8217;une table pour d\u00e9battre des conf\u00e9rences&nbsp;<\/p>\n\n\n\n<p>Pour d\u00e9couvrir les th\u00e9matiques, conf\u00e9renciers et pan\u00e9listes, rendez-vous sur le site de l&#8217;\u00e9v\u00e9nement&nbsp;&nbsp;<strong><a href=\"https:\/\/www.emploitic.com\/talent-day\" target=\"_blank\" rel=\"noreferrer noopener\">emploitic.com\/talent-day<\/a><\/strong><\/p>\n\n\n\n<figure class=\"wp-block-embed is-type-rich is-provider-prise-en-charge-des-contenus-embarques wp-block-embed-prise-en-charge-des-contenus-embarques wp-embed-aspect-16-9 wp-has-aspect-ratio\"><div class=\"wp-block-embed__wrapper\">\n<iframe title=\"Talent Day 2020 by Emploitic, rendez-vous le 16 d\u00e9cembre pour inspirer les pratiques RH de demain\" width=\"640\" height=\"360\" src=\"https:\/\/www.youtube.com\/embed\/-a4VaEq6QCE?feature=oembed\" frameborder=\"0\" allow=\"accelerometer; autoplay; clipboard-write; encrypted-media; gyroscope; picture-in-picture; web-share\" referrerpolicy=\"strict-origin-when-cross-origin\" allowfullscreen><\/iframe>\n<\/div><\/figure>\n\n\n\n<p>Un grand merci \u00e0 nos partenaires et sponsors pour leur contribution :&nbsp;<strong>Soci\u00e9t\u00e9 G\u00e9n\u00e9rale Alg\u00e9rie<\/strong>,&nbsp;<strong>Henkel<\/strong>,&nbsp;<strong>Ooredoo<\/strong>&nbsp;&amp;&nbsp;<strong>Think Factory<\/strong><\/p>\n\n\n\n<p>Au plaisir de vous compter parmi nous,<\/p>\n\n\n\n<p>Equipe Emploitic&nbsp;<\/p>\n","protected":false},"excerpt":{"rendered":"<p>On vous donne rendez-vous ce mercredi&nbsp;16 d\u00e9cembre \u00e0 9H30&nbsp;pour la 3\u00e8me \u00e9dition du Talent Day, la conf\u00e9rence annuelle RH pour&nbsp;Inspirer les pratiques RH de demain ! Retrouvez en direct&nbsp;des DRH et DG avec&nbsp;Ahmed Lahri&nbsp;autour d&#8217;une table pour d\u00e9battre des conf\u00e9rences&nbsp; Pour d\u00e9couvrir les th\u00e9matiques, conf\u00e9renciers et pan\u00e9listes, rendez-vous sur le site de l&#8217;\u00e9v\u00e9nement&nbsp;&nbsp;emploitic.com\/talent-day Un grand [&hellip;]<\/p>\n","protected":false},"author":7,"featured_media":3615,"comment_status":"open","ping_status":"open","sticky":false,"template":"","format":"standard","meta":{"om_disable_all_campaigns":false,"_monsterinsights_skip_tracking":false,"_monsterinsights_sitenote_active":false,"_monsterinsights_sitenote_note":"","_monsterinsights_sitenote_category":0,"_themeisle_gutenberg_block_has_review":false,"footnotes":""},"categories":[4],"tags":[],"class_list":["post-1496","post","type-post","status-publish","format-standard","has-post-thumbnail","hentry","category-management-rh"],"aioseo_notices":[],"_links":{"self":[{"href":"https:\/\/blog.emploitic.com\/index.php\/wp-json\/wp\/v2\/posts\/1496","targetHints":{"allow":["GET"]}}],"collection":[{"href":"https:\/\/blog.emploitic.com\/index.php\/wp-json\/wp\/v2\/posts"}],"about":[{"href":"https:\/\/blog.emploitic.com\/index.php\/wp-json\/wp\/v2\/types\/post"}],"author":[{"embeddable":true,"href":"https:\/\/blog.emploitic.com\/index.php\/wp-json\/wp\/v2\/users\/7"}],"replies":[{"embeddable":true,"href":"https:\/\/blog.emploitic.com\/index.php\/wp-json\/wp\/v2\/comments?post=1496"}],"version-history":[{"count":2,"href":"https:\/\/blog.emploitic.com\/index.php\/wp-json\/wp\/v2\/posts\/1496\/revisions"}],"predecessor-version":[{"id":3616,"href":"https:\/\/blog.emploitic.com\/index.php\/wp-json\/wp\/v2\/posts\/1496\/revisions\/3616"}],"wp:featuredmedia":[{"embeddable":true,"href":"https:\/\/blog.emploitic.com\/index.php\/wp-json\/wp\/v2\/media\/3615"}],"wp:attachment":[{"href":"https:\/\/blog.emploitic.com\/index.php\/wp-json\/wp\/v2\/media?parent=1496"}],"wp:term":[{"taxonomy":"category","embeddable":true,"href":"https:\/\/blog.emploitic.com\/index.php\/wp-json\/wp\/v2\/categories?post=1496"},{"taxonomy":"post_tag","embeddable":true,"href":"https:\/\/blog.emploitic.com\/index.php\/wp-json\/wp\/v2\/tags?post=1496"}],"curies":[{"name":"wp","href":"https:\/\/api.w.org\/{rel}","templated":true}]}}