{"id":1506,"date":"2022-02-13T15:12:40","date_gmt":"2022-02-13T14:12:40","guid":{"rendered":"https:\/\/blog.emploitic.com\/?p=1506"},"modified":"2023-03-07T23:43:22","modified_gmt":"2023-03-07T22:43:22","slug":"recruteurs-i-candidats-comment-faire-face-aux-differentes-etapes-du-recrutement","status":"publish","type":"post","link":"https:\/\/blog.emploitic.com\/index.php\/recruteurs-i-candidats-comment-faire-face-aux-differentes-etapes-du-recrutement\/","title":{"rendered":"Recruteurs \/ Candidats , comment faire face aux diff\u00e9rentes \u00e9tapes du recrutement ?"},"content":{"rendered":"\n<p>Que vous soyez candidat ou recruteur, nous partagerons avec vous lors de ce webinar&nbsp;<strong>nos conseils &amp; best practices<\/strong>&nbsp;pour r\u00e9ussir vos recrutements.<\/p>\n\n\n\n<h4 class=\"wp-block-heading\"><strong>Recruteurs <\/strong><\/h4>\n\n\n\n<p>&#8211; Quelles sont les attentes des candidats en vue du contexte actuel ?<br>&#8211; Comment optimiser vos offres d\u2019emploi ? quelles sont les erreurs \u00e0 \u00e9viter ?<br>&#8211; Comment booster vos recrutements et attirer les meilleurs profils ?<\/p>\n\n\n\n<h4 class=\"wp-block-heading\"><strong>Candidats <\/strong><\/h4>\n\n\n\n<p>&#8211; Quelles sont les comp\u00e9tences recherch\u00e9es en ce contexte de crise?<br>&#8211; Comment cibler les offres d&#8217;emploi qui nous correspondent?<br>&#8211; Comment mettre en avant son profil et marquer les recrute<\/p>\n\n\n\n<p>Visionner le replay du webinar&nbsp;<a href=\"https:\/\/www.youtube.com\/watch?v=QaOPs5UyWkM&amp;t=2417s&amp;ab_channel=EmploiticAlg%C3%A9rie\" target=\"_blank\" rel=\"noreferrer noopener\">par ici&nbsp;<\/a><\/p>\n\n\n\n<figure class=\"wp-block-image\"><img decoding=\"async\" src=\"https:\/\/www.emploitic.com\/images\/webinar_recruteur_candidat_2020.png\" alt=\"\"\/><\/figure>\n\n\n\n<p>Ce webinar a \u00e9t\u00e9 anim\u00e9 par&nbsp;<strong>Yasmine Hadj Ahmed<\/strong>, Responsable Communication \u00e0 Emploitic et par&nbsp;<strong>Zineb Kaoua<\/strong>, Marketing Manager \u00e0 Emploitic&nbsp;<\/p>\n","protected":false},"excerpt":{"rendered":"<p>Que vous soyez candidat ou recruteur, nous partagerons avec vous lors de ce webinar\u00a0nos conseils &#038; best practices\u00a0pour r\u00e9ussir vos recrutements&#8230;<\/p>\n","protected":false},"author":7,"featured_media":2934,"comment_status":"open","ping_status":"open","sticky":false,"template":"","format":"standard","meta":{"om_disable_all_campaigns":false,"_monsterinsights_skip_tracking":false,"_monsterinsights_sitenote_active":false,"_monsterinsights_sitenote_note":"","_monsterinsights_sitenote_category":0,"_themeisle_gutenberg_block_has_review":false,"footnotes":""},"categories":[4],"tags":[],"class_list":["post-1506","post","type-post","status-publish","format-standard","has-post-thumbnail","hentry","category-management-rh"],"aioseo_notices":[],"_links":{"self":[{"href":"https:\/\/blog.emploitic.com\/index.php\/wp-json\/wp\/v2\/posts\/1506","targetHints":{"allow":["GET"]}}],"collection":[{"href":"https:\/\/blog.emploitic.com\/index.php\/wp-json\/wp\/v2\/posts"}],"about":[{"href":"https:\/\/blog.emploitic.com\/index.php\/wp-json\/wp\/v2\/types\/post"}],"author":[{"embeddable":true,"href":"https:\/\/blog.emploitic.com\/index.php\/wp-json\/wp\/v2\/users\/7"}],"replies":[{"embeddable":true,"href":"https:\/\/blog.emploitic.com\/index.php\/wp-json\/wp\/v2\/comments?post=1506"}],"version-history":[{"count":0,"href":"https:\/\/blog.emploitic.com\/index.php\/wp-json\/wp\/v2\/posts\/1506\/revisions"}],"wp:featuredmedia":[{"embeddable":true,"href":"https:\/\/blog.emploitic.com\/index.php\/wp-json\/wp\/v2\/media\/2934"}],"wp:attachment":[{"href":"https:\/\/blog.emploitic.com\/index.php\/wp-json\/wp\/v2\/media?parent=1506"}],"wp:term":[{"taxonomy":"category","embeddable":true,"href":"https:\/\/blog.emploitic.com\/index.php\/wp-json\/wp\/v2\/categories?post=1506"},{"taxonomy":"post_tag","embeddable":true,"href":"https:\/\/blog.emploitic.com\/index.php\/wp-json\/wp\/v2\/tags?post=1506"}],"curies":[{"name":"wp","href":"https:\/\/api.w.org\/{rel}","templated":true}]}}