{"id":196,"date":"2022-01-17T11:18:59","date_gmt":"2022-01-17T10:18:59","guid":{"rendered":"https:\/\/blog.emploitic.com\/?p=196"},"modified":"2023-04-04T15:25:54","modified_gmt":"2023-04-04T13:25:54","slug":"des-nouveautes-sur-emploitic","status":"publish","type":"post","link":"https:\/\/blog.emploitic.com\/index.php\/des-nouveautes-sur-emploitic\/","title":{"rendered":"Des nouveaut\u00e9s sur Emploitic"},"content":{"rendered":"\n<p>Comme \u00e0 ses habitudes, la Team Emploitic reste productive durant la saison estivale.<\/p>\n\n\n\n<p>4 nouveaut\u00e9s \u00e0 d\u00e9couvrir sur votre plateforme de recrutement.<\/p>\n\n\n\n<h2 class=\"wp-block-heading\"><strong>Nouveaut\u00e9 1&nbsp;: \u00ab&nbsp;Mon espace&nbsp;\u00bb tableau de bord<\/strong><\/h2>\n\n\n\n<p>Vous retrouverez un r\u00e9sum\u00e9 de votre profil et de votre activit\u00e9 sur le compte Emploitic&nbsp;:<\/p>\n\n\n\n<p>&#8211; Offres d\u2019emploi correspondant \u00e0 votre profil<br>&#8211; Historique des candidatures<br>&#8211; Alertes emploi<br>&#8211; Aper\u00e7u du CV<br>&#8211; Barre de recherche<\/p>\n\n\n\n<figure class=\"wp-block-image size-full is-resized\"><img fetchpriority=\"high\" decoding=\"async\" src=\"https:\/\/blog.emploitic.com\/wp-content\/uploads\/2022\/01\/tbd.png\" alt=\"\" class=\"wp-image-203\" width=\"441\" height=\"363\" srcset=\"https:\/\/blog.emploitic.com\/wp-content\/uploads\/2022\/01\/tbd.png 787w, https:\/\/blog.emploitic.com\/wp-content\/uploads\/2022\/01\/tbd-300x247.png 300w, https:\/\/blog.emploitic.com\/wp-content\/uploads\/2022\/01\/tbd-768x631.png 768w\" sizes=\"(max-width: 441px) 100vw, 441px\" \/><figcaption class=\"wp-element-caption\"><strong><a href=\"https:\/\/www.emploitic.com\/tableau-de-bord-candidat\">J\u2019acc\u00e8de \u00e0 mon espace<\/a><\/strong><\/figcaption><\/figure>\n\n\n\n<h2 class=\"wp-block-heading\"><strong>Nouveaut\u00e9 2&nbsp;: \u00ab&nbsp;Nouvelle mention sur le Cv&nbsp;\u00bb<\/strong><\/h2>\n\n\n\n<p>Les membres en situation d\u2019handicap peuvent d\u00e8s \u00e0 pr\u00e9sent le mentionner sur leur CV afin qu\u2019il soit visible pour les recruteurs.<\/p>\n\n\n\n<figure class=\"wp-block-image size-full\"><img decoding=\"async\" width=\"731\" height=\"383\" src=\"https:\/\/blog.emploitic.com\/wp-content\/uploads\/2022\/01\/handicap.jpeg\" alt=\"\" class=\"wp-image-209\" srcset=\"https:\/\/blog.emploitic.com\/wp-content\/uploads\/2022\/01\/handicap.jpeg 731w, https:\/\/blog.emploitic.com\/wp-content\/uploads\/2022\/01\/handicap-300x157.jpeg 300w\" sizes=\"(max-width: 731px) 100vw, 731px\" \/><figcaption class=\"wp-element-caption\"><strong><a href=\"https:\/\/www.emploitic.com\/mon-compte#\/556322\/basic\/edit\">Je mets \u00e0 jour mon CV<\/a><\/strong><\/figcaption><\/figure>\n\n\n\n<h2 class=\"wp-block-heading\"><strong>Nouveaut\u00e9 3&nbsp;: nouveau menu \u00ab&nbsp;D\u00e9couvrez les entreprises&nbsp;\u00bb<\/strong><\/h2>\n\n\n\n<p>Annuaire qui regroupe +1700 entreprises \u00e0 d\u00e9couvrir sur l\u2019ensemble du territoire national.<\/p>\n\n\n\n<figure class=\"wp-block-image size-full\"><img decoding=\"async\" width=\"778\" height=\"585\" src=\"https:\/\/blog.emploitic.com\/wp-content\/uploads\/2022\/01\/page-entreprise.png\" alt=\"\" class=\"wp-image-211\" srcset=\"https:\/\/blog.emploitic.com\/wp-content\/uploads\/2022\/01\/page-entreprise.png 778w, https:\/\/blog.emploitic.com\/wp-content\/uploads\/2022\/01\/page-entreprise-300x226.png 300w, https:\/\/blog.emploitic.com\/wp-content\/uploads\/2022\/01\/page-entreprise-768x577.png 768w\" sizes=\"(max-width: 778px) 100vw, 778px\" \/><figcaption class=\"wp-element-caption\"><strong><a href=\"https:\/\/www.emploitic.com\/entreprise\">Je d\u00e9couvre les entreprises<\/a><\/strong><\/figcaption><\/figure>\n\n\n\n<h2 class=\"wp-block-heading\"><strong>Nouveaut\u00e9 4&nbsp;: Application mobile disponible.<\/strong><\/h2>\n\n\n\n<p>Emploitic propose \u00e0 ses membres une application mobile&nbsp;! Acc\u00e9dez plus facilement aux offres d\u2019emploi et sauvegardez vos filtres de recherches<\/p>\n\n\n\n<figure class=\"wp-block-image size-full\"><img loading=\"lazy\" decoding=\"async\" width=\"1000\" height=\"500\" src=\"https:\/\/blog.emploitic.com\/wp-content\/uploads\/2022\/01\/visuel-application.jpg\" alt=\"\" class=\"wp-image-212\" srcset=\"https:\/\/blog.emploitic.com\/wp-content\/uploads\/2022\/01\/visuel-application.jpg 1000w, https:\/\/blog.emploitic.com\/wp-content\/uploads\/2022\/01\/visuel-application-300x150.jpg 300w, https:\/\/blog.emploitic.com\/wp-content\/uploads\/2022\/01\/visuel-application-768x384.jpg 768w\" sizes=\"(max-width: 1000px) 100vw, 1000px\" \/><figcaption class=\"wp-element-caption\">Je t\u00e9l\u00e9charge l\u2019application sur<br><strong><a rel=\"noreferrer noopener\" href=\"https:\/\/apps.apple.com\/dz\/app\/emploitic\/id654672824\" target=\"_blank\">App\u2019Store<\/a>&nbsp;&amp;&nbsp;<a rel=\"noreferrer noopener\" href=\"https:\/\/play.google.com\/store\/apps\/details?id=com.emploitic.jobs&amp;hl=en\" target=\"_blank\">Android<\/a><\/strong><\/figcaption><\/figure>\n","protected":false},"excerpt":{"rendered":"<p>Comme \u00e0 ses habitudes, la Team Emploitic reste productive durant la saison estivale. 4 nouveaut\u00e9s \u00e0 d\u00e9couvrir sur votre plateforme de recrutement. Nouveaut\u00e9 1&nbsp;: \u00ab&nbsp;Mon espace&nbsp;\u00bb tableau de bord Vous retrouverez un r\u00e9sum\u00e9 de votre profil et de votre activit\u00e9 sur le compte Emploitic&nbsp;: &#8211; Offres d\u2019emploi correspondant \u00e0 votre profil&#8211; Historique des candidatures&#8211; Alertes [&hellip;]<\/p>\n","protected":false},"author":7,"featured_media":3519,"comment_status":"open","ping_status":"open","sticky":false,"template":"","format":"standard","meta":{"om_disable_all_campaigns":false,"_monsterinsights_skip_tracking":false,"_monsterinsights_sitenote_active":false,"_monsterinsights_sitenote_note":"","_monsterinsights_sitenote_category":0,"_themeisle_gutenberg_block_has_review":false,"footnotes":""},"categories":[2],"tags":[],"class_list":["post-196","post","type-post","status-publish","format-standard","has-post-thumbnail","hentry","category-gerer-sa-carriere"],"aioseo_notices":[],"_links":{"self":[{"href":"https:\/\/blog.emploitic.com\/index.php\/wp-json\/wp\/v2\/posts\/196","targetHints":{"allow":["GET"]}}],"collection":[{"href":"https:\/\/blog.emploitic.com\/index.php\/wp-json\/wp\/v2\/posts"}],"about":[{"href":"https:\/\/blog.emploitic.com\/index.php\/wp-json\/wp\/v2\/types\/post"}],"author":[{"embeddable":true,"href":"https:\/\/blog.emploitic.com\/index.php\/wp-json\/wp\/v2\/users\/7"}],"replies":[{"embeddable":true,"href":"https:\/\/blog.emploitic.com\/index.php\/wp-json\/wp\/v2\/comments?post=196"}],"version-history":[{"count":1,"href":"https:\/\/blog.emploitic.com\/index.php\/wp-json\/wp\/v2\/posts\/196\/revisions"}],"predecessor-version":[{"id":3521,"href":"https:\/\/blog.emploitic.com\/index.php\/wp-json\/wp\/v2\/posts\/196\/revisions\/3521"}],"wp:featuredmedia":[{"embeddable":true,"href":"https:\/\/blog.emploitic.com\/index.php\/wp-json\/wp\/v2\/media\/3519"}],"wp:attachment":[{"href":"https:\/\/blog.emploitic.com\/index.php\/wp-json\/wp\/v2\/media?parent=196"}],"wp:term":[{"taxonomy":"category","embeddable":true,"href":"https:\/\/blog.emploitic.com\/index.php\/wp-json\/wp\/v2\/categories?post=196"},{"taxonomy":"post_tag","embeddable":true,"href":"https:\/\/blog.emploitic.com\/index.php\/wp-json\/wp\/v2\/tags?post=196"}],"curies":[{"name":"wp","href":"https:\/\/api.w.org\/{rel}","templated":true}]}}