{"id":2535,"date":"2023-02-06T15:07:59","date_gmt":"2023-02-06T14:07:59","guid":{"rendered":"https:\/\/blog.emploitic.com\/?p=2535"},"modified":"2023-02-06T15:07:59","modified_gmt":"2023-02-06T14:07:59","slug":"conges-et-repos-en-algerie-a-quelle-frequence-les-salaries-algeriens-ont-ils-droit-aux-conges","status":"publish","type":"post","link":"https:\/\/blog.emploitic.com\/index.php\/conges-et-repos-en-algerie-a-quelle-frequence-les-salaries-algeriens-ont-ils-droit-aux-conges\/","title":{"rendered":"Cong\u00e9s et repos en Alg\u00e9rie : \u00e0 quelle fr\u00e9quence les salari\u00e9s alg\u00e9riens ont-ils droit aux cong\u00e9s ?"},"content":{"rendered":"\n<p>Partout dans le monde, les travailleurs jouissent du droit au repos de par le week-end, les jours f\u00e9ri\u00e9s et les cong\u00e9s annuels.&nbsp;<\/p>\n\n\n\n<p>En Alg\u00e9rie, le l\u00e9gislateur a proc\u00e9d\u00e9 \u00e0 la r\u00e9glementation des cong\u00e9s et repos des travailleurs dans le Code du travail<\/p>\n\n\n\n<p>Avant de vous en parler, passons par l\u2019\u00e9volution de la l\u00e9gislation sur le repos hebdomadaire.<\/p>\n\n\n\n<p style=\"font-size:30px\">Retour sur l\u2019\u00e9volution du repos hebdomadaire en Alg\u00e9rie :&nbsp;<\/p>\n\n\n\n<p>Avant l\u2019ind\u00e9pendance de l\u2019Alg\u00e9rie, le seul jour de repos octroy\u00e9 aux travailleurs \u00e9tait le dimanche. Pour des raisons religieuses, notamment li\u00e9es \u00e0 la pri\u00e8re sacr\u00e9e du vendredi, la Constitution de l\u2019ann\u00e9e 1976 a ainsi fait du dimanche le seul et unique jour d\u00e9di\u00e9 au repos.&nbsp;<\/p>\n\n\n\n<p>Suite aux nombreux obstacles auxquels se trouvaient les soci\u00e9t\u00e9s \u00e9conomiques alg\u00e9riennes et \u00e9trang\u00e8res, l\u2019Etat a instaur\u00e9 le vendre et le samedi comme week-end en l\u2019an 2009.&nbsp;<\/p>\n\n\n\n<p style=\"font-size:30px\">Combien de temps le travailleur alg\u00e9rien a-t-il le droit de se reposer chaque semaine ?&nbsp;<\/p>\n\n\n\n<p>Selon la r\u00e9glementation en vigueur, le travailleur a droit \u00e0 une journ\u00e9e compl\u00e8te de repos, g\u00e9n\u00e9ralement fix\u00e9e le vendredi et le samedi. N\u00e9anmoins, d\u2019un commun accord entre l\u2019employ\u00e9 et l\u2019employeur, une autre organisation peut \u00eatre mise en place compte tenu de la situation \u00e9conomique du pays. Notez que les employeurs ayant exig\u00e9 de leurs travailleurs d\u2019\u00eatre op\u00e9rationnels en jour de repos ou f\u00e9ri\u00e9s sont dans l\u2019obligation de les r\u00e9mun\u00e9rer doublement pour la journ\u00e9e travaill\u00e9e sauf si la nature de l\u2019activit\u00e9 exige un travail durant le week-end de mani\u00e8re r\u00e9guli\u00e8re, tel est le cas des services publics.&nbsp;<\/p>\n\n\n\n<p>Aussi, les travailleurs peuvent \u00eatre contraints de travailler en jour de repos par d\u00e9rogation du wali, notamment pour instaurer une garde des commerces de d\u00e9tail pendant les jours f\u00e9ri\u00e9s.<\/p>\n\n\n\n<p>Les employ\u00e9s ayant travaill\u00e9 un jour de repos l\u00e9gal b\u00e9n\u00e9ficient d\u2019une compensation par jour de repos durant la semaine.&nbsp;<\/p>\n\n\n\n<p style=\"font-size:30px\">Qu\u2019en est-il des jours de cong\u00e9s et repos ?&nbsp;<\/p>\n\n\n\n<p>Le droit du travail alg\u00e9rien accorde aux travailleurs un (1) mois de cong\u00e9 pay\u00e9 par an. Celui-ci est calcul\u00e9 \u00e0 raison de deux (2) jours et demi (\u00bd) par mois soit un total de 30 jours par an.&nbsp;<\/p>\n\n\n\n<p>Lors du calcul du cong\u00e9 pay\u00e9, l\u2019employeur est tenu de prendre en consid\u00e9ration les p\u00e9riodes suivantes :&nbsp;<\/p>\n\n\n\n<ul class=\"wp-block-list\"><li>Les jours de travail accomplis ;&nbsp;<\/li><li>Les p\u00e9riodes de cong\u00e9 annuel ;&nbsp;<\/li><li>Les p\u00e9riodes sp\u00e9ciales pay\u00e9es ou alors autoris\u00e9es par l\u2019employeur ;&nbsp;<\/li><li>Les p\u00e9riodes de repos l\u00e9gal ;&nbsp;<\/li><li>Les p\u00e9riodes d\u2019absences de maternit\u00e9, maladies, accidents de travail ;&nbsp;<\/li><li>Les p\u00e9riodes de maintien ou de rappel sous les drapeaux.&nbsp;<\/li><\/ul>\n\n\n\n<p>En ce qui concerne les travaux dangereux ou jug\u00e9s p\u00e9nibles, la dur\u00e9e l\u00e9gale fix\u00e9e \u00e0 30 jours peut \u00eatre r\u00e9\u00e9valu\u00e9e et augment\u00e9e en faveur du travailleur.&nbsp;<\/p>\n\n\n\n<p>La loi pr\u00e9voit aussi une augmentation de la dur\u00e9e l\u00e9gale aux travailleurs exer\u00e7ant dans une des wilayas situ\u00e9es dans le sud du pays. Compte tenu des conditions de travail laborieuses et \u00e9prouvantes, le l\u00e9gislateur accorde un cong\u00e9 annuel suppl\u00e9mentaire de 10 jours au minimum pour les travailleurs du sud.&nbsp;<\/p>\n\n\n\n<p><a href=\"https:\/\/edition.legal-doctrine.com\/conges-et-repos\/\">Source<\/a><\/p>\n","protected":false},"excerpt":{"rendered":"<p>Partout dans le monde, les travailleurs jouissent du droit au repos de par le week-end, les jours f\u00e9ri\u00e9s et les cong\u00e9s annuels.&nbsp; En Alg\u00e9rie, le l\u00e9gislateur a proc\u00e9d\u00e9 \u00e0 la r\u00e9glementation des cong\u00e9s et repos des travailleurs dans le Code du travail Avant de vous en parler, passons par l\u2019\u00e9volution de la l\u00e9gislation sur le [&hellip;]<\/p>\n","protected":false},"author":7,"featured_media":2536,"comment_status":"closed","ping_status":"closed","sticky":false,"template":"","format":"standard","meta":{"om_disable_all_campaigns":false,"_monsterinsights_skip_tracking":false,"_monsterinsights_sitenote_active":false,"_monsterinsights_sitenote_note":"","_monsterinsights_sitenote_category":0,"_themeisle_gutenberg_block_has_review":false,"footnotes":""},"categories":[2],"tags":[],"class_list":["post-2535","post","type-post","status-publish","format-standard","has-post-thumbnail","hentry","category-gerer-sa-carriere"],"aioseo_notices":[],"_links":{"self":[{"href":"https:\/\/blog.emploitic.com\/index.php\/wp-json\/wp\/v2\/posts\/2535","targetHints":{"allow":["GET"]}}],"collection":[{"href":"https:\/\/blog.emploitic.com\/index.php\/wp-json\/wp\/v2\/posts"}],"about":[{"href":"https:\/\/blog.emploitic.com\/index.php\/wp-json\/wp\/v2\/types\/post"}],"author":[{"embeddable":true,"href":"https:\/\/blog.emploitic.com\/index.php\/wp-json\/wp\/v2\/users\/7"}],"replies":[{"embeddable":true,"href":"https:\/\/blog.emploitic.com\/index.php\/wp-json\/wp\/v2\/comments?post=2535"}],"version-history":[{"count":0,"href":"https:\/\/blog.emploitic.com\/index.php\/wp-json\/wp\/v2\/posts\/2535\/revisions"}],"wp:featuredmedia":[{"embeddable":true,"href":"https:\/\/blog.emploitic.com\/index.php\/wp-json\/wp\/v2\/media\/2536"}],"wp:attachment":[{"href":"https:\/\/blog.emploitic.com\/index.php\/wp-json\/wp\/v2\/media?parent=2535"}],"wp:term":[{"taxonomy":"category","embeddable":true,"href":"https:\/\/blog.emploitic.com\/index.php\/wp-json\/wp\/v2\/categories?post=2535"},{"taxonomy":"post_tag","embeddable":true,"href":"https:\/\/blog.emploitic.com\/index.php\/wp-json\/wp\/v2\/tags?post=2535"}],"curies":[{"name":"wp","href":"https:\/\/api.w.org\/{rel}","templated":true}]}}