{"id":2613,"date":"2023-02-08T12:46:17","date_gmt":"2023-02-08T11:46:17","guid":{"rendered":"https:\/\/blog.emploitic.com\/?p=2613"},"modified":"2023-02-27T16:01:45","modified_gmt":"2023-02-27T15:01:45","slug":"les-competences-les-plus-appreciees-par-les-recruteurs-en-2022","status":"publish","type":"post","link":"https:\/\/blog.emploitic.com\/index.php\/les-competences-les-plus-appreciees-par-les-recruteurs-en-2022\/","title":{"rendered":"Les comp\u00e9tences les plus appr\u00e9ci\u00e9es par les recruteurs en 2022"},"content":{"rendered":"\n<p><strong>Dans le march\u00e9 du travail moderne, il est indispensable pour un candidat fra\u00eechement dipl\u00f4m\u00e9 de savoir se d\u00e9marquer pour \u00eatre recrut\u00e9.<\/strong><br><strong>Au-del\u00e0 de la formation donn\u00e9e aux \u00e9tudiants au sein des \u00e9coles et des universit\u00e9s, il est possible de nos jours d\u2019acc\u00e9der \u00e0 un grand nombre de formations sur diff\u00e9rentes th\u00e9matiques, et cela, sans avoir \u00e0 se d\u00e9placer.<\/strong><\/p>\n\n\n\n<p>Partout dans le monde, les recruteurs sont de plus en plus exigeants vis-\u00e0-vis des comp\u00e9tences requises pour occuper un poste en particulier, faisant qu\u2019il soit indispensable pour un candidat de d\u00e9velopper certains soft et hard&nbsp;skills.<br>Nous&nbsp;avons dress\u00e9 pour vous une liste de comp\u00e9tences fortement appr\u00e9ci\u00e9es par les recruteurs en 2022.<br><\/p>\n\n\n\n<p style=\"font-size:28px\">Hard et soft skills en 2022 :&nbsp;diff\u00e9rents, mais compl\u00e9mentaires<\/p>\n\n\n\n<p>On d\u00e9finit les hard skills comme \u00e9tant les comp\u00e9tences techniques qu&#8217;on acquiert \u00e0 travers son cursus et les diff\u00e9rentes formations qu\u2019on effectue, faisant qu\u2019elles soient facilement mesurables par le recruteur.<br>Pour ce qui est des soft-skills, c\u2019est la capacit\u00e9 ou le potentiel du candidat \u00e0 \u00eatre bon collaborateur en entreprise, car elles prennent en compte :<br>&nbsp; &#8211; L\u2019intelligence relationnelle<br>&nbsp; &#8211; La capacit\u00e9 de communication<br>&nbsp; &#8211; Les relations interpersonnelles<br>&nbsp; &#8211; L\u2019adaptabilit\u00e9 aux diff\u00e9rentes situations<\/p>\n\n\n\n<p>Ces deux types de comp\u00e9tences sont certes diff\u00e9rentes, mais sont&nbsp;<strong>compl\u00e9mentaires<\/strong>&nbsp;aux yeux du recruteur car elles lui permettront de dresser votre profil.<\/p>\n\n\n\n<p style=\"font-size:28px\">Liste des soft skills les plus recherch\u00e9s par les recruteurs en 2022&nbsp;<\/p>\n\n\n\n<p class=\"has-text-align-center\" style=\"font-size:28px\">Savoir s\u2019adapter rapidement<\/p>\n\n\n\n<p>La crise sanitaire COVID-19 a montr\u00e9 que les entreprises devaient imp\u00e9rativement apprendre \u00e0 s\u2019adapter \u00e0 des situations impr\u00e9visibles et travailler dans un milieu \u00e9conomique instable et changeant.<br>Cette situation exceptionnelle a pouss\u00e9 les recruteurs \u00e0 orienter leurs choix vers les candidats qui savent s\u2019adapter<strong>&nbsp;rapidement et efficacement.<\/strong><\/p>\n\n\n\n<p class=\"has-text-align-center\" style=\"font-size:28px\">Etre cr\u00e9atif<\/p>\n\n\n\n<p>C\u2019est la capacit\u00e9 d\u2019adaptation d\u2019une personne en entreprise, car faire preuve de cr\u00e9ativit\u00e9 et proposer des&nbsp;<strong>solutions efficaces<\/strong>&nbsp;\u00e0 son organisation permettra \u00e0 l&#8217;entreprise de maintenir le cap en situation de crise.<br>De plus, la cr\u00e9ativit\u00e9 est le premier pas vers l\u2019innovation : un recruteur sera toujours attir\u00e9 par les profils qui lui proposeront les meilleures id\u00e9es de d\u00e9veloppement.<\/p>\n\n\n\n<p class=\"has-text-align-center\" style=\"font-size:28px\">Savoir communiquer<\/p>\n\n\n\n<p>La communication en entreprise fait partie des facteurs de r\u00e9ussite de cette derni\u00e8re.<br>En effet, une \u00e9quipe dot\u00e9e d\u2019un bon sens de la communication est une \u00e9quipe qui r\u00e9ussit ce qu\u2019elle entreprend, car cela \u00e9vite :<br>&nbsp; &#8211; Les malentendus<br>&nbsp; &#8211; Les retards<br>&nbsp; &#8211; L&#8217;asym\u00e9trie d\u2019information<br>Un candidat qui sait communiquer voit ainsi ses chances d&#8217;\u00eatre recrut\u00e9&nbsp;<strong>dupliqu\u00e9es.<\/strong><\/p>\n\n\n\n<p class=\"has-text-align-center\" style=\"font-size:28px\">Savoir collaborer<\/p>\n\n\n\n<p>Comme on a pu le citer plus haut dans l\u2019article, une entreprise lambda \u00e9volue de nos jours dans un march\u00e9 fortement concurrentiel, n\u00e9cessitant ainsi,&nbsp;<strong>un bon travail d\u2019\u00e9quipe<\/strong>&nbsp;pour assurer sa r\u00e9ussite et sa p\u00e9rennit\u00e9.<br>Ainsi, un recruteur exigera du candidat de savoir travailler en \u00e9quipe, car faire cavalier seul en entreprise n\u2019est que tr\u00e8s rarement une bonne id\u00e9e.<br><br>Une personne organis\u00e9e est une personne qui fait correctement et \u00e0 temps le travail qui lui est demand\u00e9.<br>Les recruteurs sont ainsi tr\u00e8s soucieux de recruter les profils les mieux organis\u00e9s.<br><\/p>\n\n\n\n<p style=\"font-size:28px\">Liste des hard skills les plus appr\u00e9ci\u00e9es par les recruteurs en 2022<\/p>\n\n\n\n<p>Etre dot\u00e9 d\u2019une bonne capacit\u00e9 d\u2019analyse<\/p>\n\n\n\n<p>Une personne qui a su d\u00e9velopper un bon sens de l\u2019analyse au fil du temps est un profil qui saura s\u00e9duire les recruteurs : il saura analyser les diff\u00e9rents types de situations pour faire le meilleur choix possible.<\/p>\n\n\n\n<p class=\"has-text-align-center\" style=\"font-size:28px\">Ma\u00eetriser les outils informatiques<\/p>\n\n\n\n<p>La ma\u00eetrise de ces outils est devenue indispensable.<br>Elle sera principalement li\u00e9e au poste occup\u00e9 et \u00e0 l\u2019entreprise, et une ma\u00eetrise minimale est&nbsp;<strong>obligatoire<\/strong>&nbsp;de nos jours.<\/p>\n\n\n\n<p class=\"has-text-align-center\" style=\"font-size:28px\">Avoir des notions en marketing<\/p>\n\n\n\n<p>Cela va, l\u00e0 aussi, d\u00e9pendre du type de poste occup\u00e9, mais en r\u00e8gle g\u00e9n\u00e9rale, avoir des notions en marketing est fortement appr\u00e9ci\u00e9 par les diff\u00e9rents recruteurs et sera un atout pour vous d\u00e9marquer des autres candidats.<\/p>\n\n\n\n<p class=\"has-text-align-center\" style=\"font-size:28px\">Savoir r\u00e9diger<\/p>\n\n\n\n<p>Qu\u2019il s\u2019agisse d\u2019envoi de mail, de l\u2019\u00e9tablissement d\u2019une newsletter ou de la r\u00e9daction de contenu divers, les recruteurs sont fortement attir\u00e9s de nos jours par les profils qui savent r\u00e9diger.<br><br><br><strong>Ryane Alem &#8211; Equipe Emploitic<\/strong><\/p>\n","protected":false},"excerpt":{"rendered":"<p>Dans le march\u00e9 du travail moderne, il est indispensable pour un candidat fra\u00eechement dipl\u00f4m\u00e9 de savoir se d\u00e9marquer pour \u00eatre recrut\u00e9&#8230;<\/p>\n","protected":false},"author":7,"featured_media":2614,"comment_status":"closed","ping_status":"closed","sticky":false,"template":"","format":"standard","meta":{"om_disable_all_campaigns":false,"_monsterinsights_skip_tracking":false,"_monsterinsights_sitenote_active":false,"_monsterinsights_sitenote_note":"","_monsterinsights_sitenote_category":0,"_themeisle_gutenberg_block_has_review":false,"footnotes":""},"categories":[2],"tags":[],"class_list":["post-2613","post","type-post","status-publish","format-standard","has-post-thumbnail","hentry","category-gerer-sa-carriere"],"aioseo_notices":[],"_links":{"self":[{"href":"https:\/\/blog.emploitic.com\/index.php\/wp-json\/wp\/v2\/posts\/2613","targetHints":{"allow":["GET"]}}],"collection":[{"href":"https:\/\/blog.emploitic.com\/index.php\/wp-json\/wp\/v2\/posts"}],"about":[{"href":"https:\/\/blog.emploitic.com\/index.php\/wp-json\/wp\/v2\/types\/post"}],"author":[{"embeddable":true,"href":"https:\/\/blog.emploitic.com\/index.php\/wp-json\/wp\/v2\/users\/7"}],"replies":[{"embeddable":true,"href":"https:\/\/blog.emploitic.com\/index.php\/wp-json\/wp\/v2\/comments?post=2613"}],"version-history":[{"count":0,"href":"https:\/\/blog.emploitic.com\/index.php\/wp-json\/wp\/v2\/posts\/2613\/revisions"}],"wp:featuredmedia":[{"embeddable":true,"href":"https:\/\/blog.emploitic.com\/index.php\/wp-json\/wp\/v2\/media\/2614"}],"wp:attachment":[{"href":"https:\/\/blog.emploitic.com\/index.php\/wp-json\/wp\/v2\/media?parent=2613"}],"wp:term":[{"taxonomy":"category","embeddable":true,"href":"https:\/\/blog.emploitic.com\/index.php\/wp-json\/wp\/v2\/categories?post=2613"},{"taxonomy":"post_tag","embeddable":true,"href":"https:\/\/blog.emploitic.com\/index.php\/wp-json\/wp\/v2\/tags?post=2613"}],"curies":[{"name":"wp","href":"https:\/\/api.w.org\/{rel}","templated":true}]}}