{"id":2813,"date":"2023-03-05T00:00:37","date_gmt":"2023-03-04T23:00:37","guid":{"rendered":"https:\/\/blog.emploitic.com\/?p=2813"},"modified":"2023-05-23T17:58:18","modified_gmt":"2023-05-23T15:58:18","slug":"taxe-de-formation-professionnelle-continue-et-taxe-dapprentissage-nouvelles-modalites","status":"publish","type":"post","link":"https:\/\/blog.emploitic.com\/index.php\/taxe-de-formation-professionnelle-continue-et-taxe-dapprentissage-nouvelles-modalites\/","title":{"rendered":"Taxe de formation professionnelle continue et taxe d\u2019apprentissage : nouvelles modalit\u00e9s"},"content":{"rendered":"\n<p>En Alg\u00e9rie, la taxe de formation professionnelle continue (TFP) est une contribution financi\u00e8re qui doit \u00eatre vers\u00e9e par les employeurs \u00e0 l&#8217;\u00c9tat afin de financer la formation professionnelle continue des travailleurs. La taxe d&#8217;apprentissage, quant \u00e0 elle, est une contribution destin\u00e9e \u00e0 financer les programmes de formation en alternance pour les travailleurs, tels que les apprentissages professionnels.<\/p>\n\n\n\n<p>Les entreprises sont tenues de verser ces taxes annuellement. Les fonds recueillis gr\u00e2ce \u00e0 ces taxes sont utilis\u00e9s pour mettre en place des programmes de formation pour maintenir et am\u00e9liorer les comp\u00e9tences de leur main-d&#8217;\u0153uvre, renforcer les capacit\u00e9s de l&#8217;industrie et favoriser la croissance \u00e9conomique.&nbsp;<\/p>\n\n\n\n<p>Enfin, ces taxes aident \u00e0 encourager l&#8217;employabilit\u00e9 des travailleurs en veillant \u00e0 ce qu&#8217;ils aient les comp\u00e9tences n\u00e9cessaires pour faire face aux exigences changeantes du march\u00e9 du travail. Doit-on rappeler \u00d4 combien l\u2019importance de la formation, de la mise \u00e0 jour des nouvelles comp\u00e9tences est fondamentale dans des soci\u00e9t\u00e9s de plus en plus digitalis\u00e9es qui ne cessent d\u2019accorder de l\u2019importance \u00e0 l\u2019\u00e9volution\u202f?<\/p>\n\n\n\n<p>C\u2019est donc, en application de l\u2019article 196 octies du code des imp\u00f4ts directs et taxes assimil\u00e9es, qu\u2019un&nbsp;nouvel&nbsp;<a href=\"https:\/\/legal-doctrine.com\/text\/63e16535495873009438bd93\" rel=\"noreferrer noopener\" target=\"_blank\">arr\u00eat\u00e9 interminist\u00e9riel fixant les modalit\u00e9s d\u2019application de la taxe relative \u00e0 la formation professionnelle continue et de la taxe d&#8217;apprentissage<\/a>&nbsp;a \u00e9t\u00e9 publi\u00e9, ramenant de nouvelles pr\u00e9cisions, quant au mode d\u2019application de cette taxe.<\/p>\n\n\n\n<h1 class=\"wp-block-heading\">Formation professionnelle et apprentissage<\/h1>\n\n\n\n<h2 class=\"wp-block-heading\">La Formation Professionnelle Continue<\/h2>\n\n\n\n<p>La formation professionnelle continue est r\u00e9gie par l\u2019article 7 de la&nbsp;<a href=\"https:\/\/legal-doctrine.com\/text\/5ea18b57cdf412a4d80013f6\" rel=\"noreferrer noopener\" target=\"_blank\">loi n\u00b008-07 du 23 f\u00e9vrier 2007,<\/a><\/p>\n\n\n\n<p>Cette formation a pour but :<\/p>\n\n\n\n<ul class=\"wp-block-list\">\n<li>de favoriser l&#8217;insertion, la r\u00e9insertion et la mobilit\u00e9 professionnelle des travailleurs&nbsp;<\/li>\n\n\n\n<li>et surtout, adapter les capacit\u00e9s des travailleurs \u00e0 l&#8217;\u00e9volution de la technologie et des m\u00e9tiers.<\/li>\n<\/ul>\n\n\n\n<p>Pour rappel, les dispositions r\u00e9gissant la taxe de formation professionnelle continue ou par apprentissage, n&#8217;\u00e9taient pas \u00e9voqu\u00e9es dans les codes, mais uniquement pr\u00e9vues dans les lois de finances, et ce, depuis la loi de finance de 1998.<\/p>\n\n\n\n<h2 class=\"wp-block-heading\">L\u2019apprentissage<\/h2>\n\n\n\n<p>La&nbsp;<a href=\"https:\/\/legal-doctrine.com\/text\/5ea18b57cdf412a4d80013f6\" rel=\"noreferrer noopener\" target=\"_blank\">loi 81-07 du 27 Juin 1981<\/a>&nbsp;r\u00e9glemente l&#8217;apprentissage qui est une forme de formation professionnelle destin\u00e9e \u00e0 acqu\u00e9rir une qualification professionnelle reconnue. Cette qualification est obtenue par la pratique r\u00e9p\u00e9t\u00e9e et progressive des activit\u00e9s li\u00e9es \u00e0 un m\u00e9tier ainsi que par une formation th\u00e9orique et technologique compl\u00e9mentaire dispens\u00e9e par des structures de formation agr\u00e9\u00e9es.&nbsp;<\/p>\n\n\n\n<p>La taxe de formation professionnelle et de l&#8217;apprentissage a fait l&#8217;objet de nouvelles dispositions importantes dans la&nbsp;<a href=\"https:\/\/legal-doctrine.com\/text\/61cee895bd4f7700aee72c35\" rel=\"noreferrer noopener\" target=\"_blank\">loi de finances pour 2022<\/a>&nbsp;et&nbsp;<a href=\"https:\/\/legal-doctrine.com\/text\/63e16535495873009438bd93\/\" rel=\"noreferrer noopener\" target=\"_blank\">l&#8217;arr\u00eat\u00e9 interminist\u00e9riel du 21 D\u00e9cembre 2022<\/a>. Ces r\u00e9glementations codifient les taxes et apportent des clarifications et des modifications quant \u00e0 la fa\u00e7on de les calculer et \u00e0 la p\u00e9riodicit\u00e9 de paiement.<\/p>\n\n\n\n<p>La taxe de formation professionnelle continue et la taxe d&#8217;apprentissage, sont soumises aux r\u00e8gles de recouvrement, de contr\u00f4le et de contentieux r\u00e9gissant les imp\u00f4ts directs et les taxes assimil\u00e9es.<\/p>\n\n\n\n<h1 class=\"wp-block-heading\">Concernant la taxe<\/h1>\n\n\n\n<p>En Alg\u00e9rie, la taxe de formation professionnelle continue et d&#8217;apprentissage concerne tous les employeurs, quelle que soit leur forme juridique ou le secteur d&#8217;activit\u00e9, \u00e9tablis ou domicili\u00e9s en Alg\u00e9rie ou non, conform\u00e9ment \u00e0&nbsp;<a href=\"https:\/\/legal-doctrine.com\/text\/63e16535495873009438bd93\/\" rel=\"noreferrer noopener\" target=\"_blank\">l&#8217;article 03 de l&#8217;arr\u00eat\u00e9 interminist\u00e9riel du 21\/12\/2022<\/a>.&nbsp;<\/p>\n\n\n\n<p>Les employeurs doivent consacrer au minimum 1% de la masse salariale annuelle \u00e0 la formation de leurs employ\u00e9s et 1% \u00e0 l&#8217;apprentissage, sinon ils devront verser une taxe \u00e9quivalente \u00e0 cet effet \u00e0 l&#8217;administration fiscale.<\/p>\n\n\n\n<h1 class=\"wp-block-heading\">Les employeurs soumis \u00e0 cette taxe<\/h1>\n\n\n\n<p>Les employeurs \u00e9tablis ou domicili\u00e9s en Alg\u00e9rie, \u00e0 l\u2019exclusion des institutions et administrations publiques, sont soumis \u00e0 la taxe de formation professionnelle continue et \u00e0 la taxe d\u2019apprentissage&nbsp;<a href=\"https:\/\/legal-doctrine.com\/text\/63e16535495873009438bd93\/\" rel=\"noreferrer noopener\" target=\"_blank\">(article 196 bis CIDTA)<\/a>.<\/p>\n\n\n\n<h2 class=\"wp-block-heading\">Les employeurs \u00e9tablis ou domicili\u00e9s en Alg\u00e9rie<\/h2>\n\n\n\n<p>Sont consid\u00e9r\u00e9s comme employeurs \u00e9tablis ou domicili\u00e9s en Alg\u00e9rie, conform\u00e9ment \u00e0 la l\u00e9gislation en vigueur :&nbsp;<\/p>\n\n\n\n<ul class=\"wp-block-list\">\n<li>les personnes morales de droit alg\u00e9rien ;&nbsp;<\/li>\n\n\n\n<li>les personnes physiques et morales \u00e9tablies ou domicili\u00e9es en Alg\u00e9rie ;&nbsp;<\/li>\n\n\n\n<li>les personnes physiques et morales non r\u00e9sidentes en Alg\u00e9rie, intervenant par le biais d\u2019un \u00e9tablissement stable, tel que d\u00e9fini par les dispositions fiscales conventionnelles.<\/li>\n<\/ul>\n\n\n\n<h2 class=\"wp-block-heading\">Les employeurs exon\u00e9r\u00e9s de la taxe<\/h2>\n\n\n\n<p>Les employeurs ayant moins de 20 employ\u00e9s b\u00e9n\u00e9ficient d\u2019une exon\u00e9ration de la taxe de formation professionnelle.<\/p>\n\n\n\n<h2 class=\"wp-block-heading\">Les \u00e9tablissements de formation habilit\u00e9s&nbsp;<\/h2>\n\n\n\n<p>Les formations doivent \u00eatre prodigu\u00e9es sur le territoire national par :&nbsp;<\/p>\n\n\n\n<ul class=\"wp-block-list\">\n<li>Les \u00e9tablissements de formation relevant des institutions publiques ;&nbsp;<\/li>\n\n\n\n<li>Centres de formation relevant des entreprises publiques ;&nbsp;<\/li>\n\n\n\n<li>Des \u00e9tablissements de formation priv\u00e9s agr\u00e9\u00e9s par le secteur de la formation professionnelle.<\/li>\n<\/ul>\n\n\n\n<h1 class=\"wp-block-heading\">Les obligations des employeurs<\/h1>\n\n\n\n<p>Lorsque le taux de 1% de la masse salariale annuelle devant \u00eatre consacr\u00e9 aux actions d\u2019apprentissage n\u2019est pas atteint (pour des motifs d\u00fbment justifi\u00e9s), le diff\u00e9rentiel d\u00e9gag\u00e9 peut \u00eatre affect\u00e9 aux actions de formation professionnelle continue.&nbsp;<\/p>\n\n\n\n<p>Les employeurs doivent :&nbsp;<\/p>\n\n\n\n<ul class=\"wp-block-list\">\n<li>Fournir une attestation justifiant l\u2019incapacit\u00e9 d\u2019atteindre le taux de 1%, rev\u00eatue du visa des services de la direction de la formation professionnelle, territorialement comp\u00e9tents (<a href=\"https:\/\/legal-doctrine.com\/text\/63e16535495873009438bd93\" rel=\"noreferrer noopener\" target=\"_blank\">article 6<\/a>).&nbsp;<\/li>\n<\/ul>\n\n\n\n<p>\ufeff<\/p>\n\n\n\n<ul class=\"wp-block-list\">\n<li>D\u00e9poser l\u2019attestation justifiant l\u2019incapacit\u00e9 d\u2019atteindre le taux de 1%, et de souscrire une d\u00e9claration sp\u00e9ciale, au plus tard, le 20 f\u00e9vrier de l\u2019ann\u00e9e suivant celle au titre de laquelle les taxes sont dues, selon le mod\u00e8le d\u2019imprim\u00e9 joint en annexe I \u00e0&nbsp;<a href=\"https:\/\/legal-doctrine.com\/text\/63e16535495873009438bd93\" rel=\"noreferrer noopener\" target=\"_blank\">l\u2019arr\u00eat\u00e9 interminist\u00e9riel<\/a>. La d\u00e9claration doit \u00eatre souscrite aupr\u00e8s de la recette des imp\u00f4ts dont rel\u00e8ve (<a href=\"https:\/\/legal-doctrine.com\/text\/63e16535495873009438bd93\" rel=\"noreferrer noopener\" target=\"_blank\">article 7<\/a>) :&nbsp;<\/li>\n\n\n\n<li>le si\u00e8ge social ou l\u2019\u00e9tablissement principal pour les personnes morales ;&nbsp;<\/li>\n\n\n\n<li>le lieu d\u2019activit\u00e9 pour les personnes physiques.&nbsp;<\/li>\n<\/ul>\n\n\n\n<ul class=\"wp-block-list\">\n<li>Joindre \u00e0 leur d\u00e9claration un \u00e9tat reprenant les d\u00e9penses engag\u00e9es dans le cadre de la formation professionnelle continue, suivant le mod\u00e8le joint en annexe II \u00e0&nbsp;<a href=\"https:\/\/legal-doctrine.com\/text\/63e16535495873009438bd93\" rel=\"noreferrer noopener\" target=\"_blank\">l\u2019arr\u00eat\u00e9 interminist\u00e9riel<\/a>. L\u2019\u00e9tat doit (<a href=\"https:\/\/legal-doctrine.com\/text\/63e16535495873009438bd93\" rel=\"noreferrer noopener\" target=\"_blank\">article 8<\/a>) :&nbsp;<\/li>\n\n\n\n<li>\u00eatre \u00e9tay\u00e9 par des factures d\u00fbment \u00e9tablies ;&nbsp;<\/li>\n\n\n\n<li>reprendre, de fa\u00e7on distincte, les d\u00e9penses engag\u00e9es au titre du transport, de l\u2019h\u00e9bergement, de la restauration, de l\u2019assurance ainsi que les frais p\u00e9dagogiques, support\u00e9s par l\u2019employeur.&nbsp;<\/li>\n\n\n\n<li>au titre de l\u2019apprentissage, les employeurs sont tenus de joindre \u00e0 l\u2019appui de leur d\u00e9claration (<a href=\"https:\/\/legal-doctrine.com\/text\/63e16535495873009438bd93\" rel=\"noreferrer noopener\" target=\"_blank\">article 8<\/a>) :&nbsp;<\/li>\n\n\n\n<li>un \u00e9tat d\u00e9taill\u00e9 reprenant les d\u00e9penses li\u00e9es \u00e0 l\u2019apprentissage, suivant le mod\u00e8le joint en annexe III \u00e0&nbsp;<a href=\"https:\/\/legal-doctrine.com\/text\/63e16535495873009438bd93\" rel=\"noreferrer noopener\" target=\"_blank\">l\u2019arr\u00eat\u00e9 interminist\u00e9riel<\/a>&nbsp;;&nbsp;<\/li>\n\n\n\n<li>une attestation justifiant l\u2019effort consacr\u00e9 dans le cadre de l\u2019apprentissage, vis\u00e9 par les services de la formation professionnelle territorialement comp\u00e9tents, suivant le mod\u00e8le joint en annexe IV \u00e0&nbsp;<a href=\"https:\/\/legal-doctrine.com\/text\/63e16535495873009438bd93\" rel=\"noreferrer noopener\" target=\"_blank\">l\u2019arr\u00eat\u00e9 interminist\u00e9riel<\/a>.&nbsp;<\/li>\n<\/ul>\n\n\n\n<h1 class=\"wp-block-heading\">Base d\u2019imposition<\/h1>\n\n\n\n<p>En application des dispositions de&nbsp;<a href=\"https:\/\/legal-doctrine.com\/text\/63d699415f89c80068e6623f\/\" rel=\"noreferrer noopener\" target=\"_blank\">l&#8217;article 196 quater du CIDTA<\/a>, les employeurs soumis \u00e0 la taxe de formation professionnelle continue et \u00e0 la taxe d&#8217;apprentissage, sont tenus de consacrer un montant minimum \u00e9gal \u00e0 1% de la masse salariale annuelle, aux actions de formation professionnelle continue de leur personnel et un montant minimum \u00e9gal \u00e0 1% de la masse salariale annuelle aux actions de formation en apprentissage, soit un taux cumul\u00e9 de 2%, pour ces deux cat\u00e9gories d&#8217;actions.<\/p>\n\n\n\n<p>La masse salariale annuelle servant de base de calcul de la taxe de formation professionnelle continue et de la taxe d&#8217;apprentissage, est constitu\u00e9e, en vertu des dispositions de&nbsp;<a href=\"https:\/\/legal-doctrine.com\/text\/63e16535495873009438bd93\/\" rel=\"noreferrer noopener\" target=\"_blank\">l&#8217;article 4 de l&#8217;arr\u00eat\u00e9 interminist\u00e9riel du 21 d\u00e9cembre 2022<\/a>, de l&#8217;ensemble des r\u00e9mun\u00e9rations brutes, toutes primes et indemnit\u00e9s comprises, vers\u00e9es aux employ\u00e9s, avant d\u00e9duction des cotisations sociales et de retraites ainsi que de l&#8217;IRG\/Salaires.<\/p>\n\n\n\n<h1 class=\"wp-block-heading\">D\u00e9penses \u00e0 prendre en consid\u00e9ration<\/h1>\n\n\n\n<p>Les d\u00e9penses qu&#8217;il convient de prendre en consid\u00e9ration selon la&nbsp;<a href=\"https:\/\/legal-doctrine.com\/text\/63ee85a8aa5f51008d817e0f\/\" rel=\"noreferrer noopener\" target=\"_blank\">Circulaire n\u00b019 \/MF\/DGI\/DLRFAJ\/DLRF\/LF22 du 14 F\u00e9vrier 2023 concernant la Taxe de Formation Professionnelle Continue et la Taxe d&#8217;Apprentissage<\/a>, dans le cadre de la justification de l&#8217;effort de formation professionnelle continue ou d&#8217;apprentissage, sont d\u00e9taill\u00e9es comme suit :<\/p>\n\n\n\n<h2 class=\"wp-block-heading\">Au titre des d\u00e9penses de formation professionnelle continue<\/h2>\n\n\n\n<p>Il est retenu les d\u00e9penses relatives \u00e0 (ou aux) :<\/p>\n\n\n\n<ul class=\"wp-block-list\">\n<li>La formation dispens\u00e9e par des organismes de formation agr\u00e9\u00e9s cit\u00e9s ci-apr\u00e8s :<\/li>\n\n\n\n<li>Des \u00e9tablissements de formation relevant des institutions ou administrations publiques ;<\/li>\n\n\n\n<li>Des centres de formation relevant des entreprises publiques\u202f;<\/li>\n\n\n\n<li>Des \u00e9tablissements de formation priv\u00e9s agr\u00e9\u00e9s par le secteur de la formation professionnelle ;<\/li>\n\n\n\n<li>Frais de transport, d&#8217;h\u00e9bergement, et de restauration.<\/li>\n\n\n\n<li>Frais aff\u00e9rents \u00e0 l&#8217;assurance support\u00e9e par l&#8217;employeur, g\u00e9n\u00e9r\u00e9s par les formations dispens\u00e9es.<\/li>\n<\/ul>\n\n\n\n<h2 class=\"wp-block-heading\">Au titre des d\u00e9penses de formation en apprentissage&nbsp;<\/h2>\n\n\n\n<p>Il est retenu les d\u00e9penses suivantes :<\/p>\n\n\n\n<ul class=\"wp-block-list\">\n<li>Les primes accord\u00e9es aux ma\u00eetres de stages\u202f;<\/li>\n\n\n\n<li>Les pr\u00e9salaires accord\u00e9s aux apprentis\u202f;<\/li>\n\n\n\n<li>Le co\u00fbt des fournitures, des v\u00eatements professionnels et des outils utilis\u00e9s par les apprentis\u202f;<\/li>\n\n\n\n<li>Toutes les d\u00e9penses entrant directement ou indirectement dans le cadre des actions d&#8217;apprentissage.<\/li>\n<\/ul>\n\n\n\n<h1 class=\"wp-block-heading\">Modalit\u00e9s de d\u00e9claration et de paiement de la taxe aupr\u00e8s de l\u2019administration fiscale<\/h1>\n\n\n\n<p>En vertu des dispositions de&nbsp;<a href=\"https:\/\/legal-doctrine.com\/text\/63d699415f89c80068e6623f\/\" rel=\"noreferrer noopener\" target=\"_blank\">l&#8217;article 196 sexies du CIDTA<\/a>&nbsp;et&nbsp;<a href=\"https:\/\/legal-doctrine.com\/text\/63e16535495873009438bd93\/\" rel=\"noreferrer noopener\" target=\"_blank\">l&#8217;article 7 de l&#8217;arr\u00eat\u00e9 interminist\u00e9riel du 21 d\u00e9cembre 2022<\/a>, les employeurs sont tenus de souscrire la d\u00e9claration tenant lieu de bordereau &#8211; avis de versement- relative \u00e0 la taxe de formation professionnelle continue et \u00e0 la taxe d&#8217;apprentissage, jointe \u00e0&nbsp;<a href=\"https:\/\/legal-doctrine.com\/text\/63e16535495873009438bd93\/\" rel=\"noreferrer noopener\" target=\"_blank\">l&#8217;arr\u00eat\u00e9 interminist\u00e9rie<\/a>l, au paiement des droits dus, au plus tard le 22 f\u00e9vrier de l&#8217;ann\u00e9e suivant celle, au titre de laquelle les taxes sont dues.&nbsp;<\/p>\n\n\n\n<p>Nota Bene : le mod\u00e8le d&#8217;imprim\u00e9 est fourni par l&#8217;administration fiscale sur support papier ou t\u00e9l\u00e9chargeable via son site Web (<a href=\"https:\/\/www.mfdgi.gov.dz\/telechargements\" rel=\"noreferrer noopener\" target=\"_blank\">https:\/\/www.mfdgi.gov.dz\/telechargements<\/a>).<\/p>\n\n\n\n<h1 class=\"wp-block-heading\">Pi\u00e8ces \u00e0 joindre \u00e0 la d\u00e9claration<\/h1>\n\n\n\n<h2 class=\"wp-block-heading\">En mati\u00e8re de formation professionnelle continue<\/h2>\n\n\n\n<p>En application des dispositions de&nbsp;<a href=\"https:\/\/legal-doctrine.com\/text\/63e16535495873009438bd93\/\" rel=\"noreferrer noopener\" target=\"_blank\">l&#8217;article 8 de l&#8217;arr\u00eat\u00e9 interminist\u00e9riel<\/a>, les employeurs sont tenus de joindre \u00e0 leur d\u00e9claration, un \u00e9tat reprenant les d\u00e9penses engag\u00e9es, dans le cadre de la formation professionnelle continue.<\/p>\n\n\n\n<p>L&#8217;\u00e9tat sus indiqu\u00e9 doit :<\/p>\n\n\n\n<ul class=\"wp-block-list\">\n<li>\u00eatre \u00e9tay\u00e9 par des copies de factures d\u00fbment \u00e9tablies : si, toutefois, le nombre de factures est important, l&#8217;entreprise n&#8217;est tenue de d\u00e9poser que l&#8217;\u00e9tat r\u00e9capitulatif de ces derni\u00e8res ;<\/li>\n\n\n\n<li>reprendre de fa\u00e7on distincte les d\u00e9penses exprim\u00e9es en TTC, engag\u00e9es au titre du transport, de l&#8217;h\u00e9bergement, de la restauration, de l&#8217;assurance, ainsi qu&#8217;au titre des frais p\u00e9dagogiques support\u00e9s par l&#8217;employeur\u202f;<\/li>\n\n\n\n<li>\u00eatre appuy\u00e9, de l&#8217;attestation justifiant l&#8217;incapacit\u00e9 d&#8217;atteindre le taux de 1%, en mati\u00e8re de formation en apprentissage, d\u00e9livr\u00e9e par les services de la Direction de la Formation Professionnelle territorialement comp\u00e9tents, dans le cas o\u00f9 l&#8217;entreprise a opt\u00e9 pou l&#8217;affectation du montant devant \u00eatre consacr\u00e9 \u00e0 l&#8217;apprentissage, au profit des actions de formation professionnelle continue, pr\u00e9vue \u00e0&nbsp;<a href=\"https:\/\/legal-doctrine.com\/text\/63d699415f89c80068e6623f\/\" rel=\"noreferrer noopener\" target=\"_blank\">l&#8217;article 196 quinquies du CIDTA<\/a>.<\/li>\n<\/ul>\n\n\n\n<h2 class=\"wp-block-heading\">En mati\u00e8re d&#8217;apprentissage<\/h2>\n\n\n\n<p>Les employeurs sont \u00e9galement tenus, au titre de l&#8217;apprentissage, de joindre \u00e0 l&#8217;appui de leur d\u00e9claration :<\/p>\n\n\n\n<ul class=\"wp-block-list\">\n<li>l&#8217;\u00e9tat d\u00e9taill\u00e9 reprenant les d\u00e9penses li\u00e9es \u00e0 l&#8217;apprentissage,&nbsp;<\/li>\n\n\n\n<li>l&#8217;attestation justifiant l&#8217;effort consacr\u00e9 dans le cadre de l&#8217;apprentissage, vis\u00e9 par les services de la formation professionnelle territorialement comp\u00e9tents, apr\u00e8s d\u00e9p\u00f4t d&#8217;un dossier aupr\u00e8s des services pr\u00e9c\u00e9demment cit\u00e9s.<\/li>\n<\/ul>\n\n\n\n<h1 class=\"wp-block-heading\">Affectation du produit des taxes&nbsp;<\/h1>\n\n\n\n<p>Le produit de la taxe de formation professionnelle continue et de la taxe d&#8217;apprentissage est affect\u00e9 au profit du budget de l&#8217;\u00c9tat.<\/p>\n\n\n\n<p>\u00c0 titre de rappel, jusqu&#8217;au 31 d\u00e9cembre 2021, le produit des taxes \u00e9tait affect\u00e9 au compte d&#8217;affectation sp\u00e9cial no 302-091 intitul\u00e9 \u00ab Fonds de la promotion de l&#8217;apprentissage et de la formation professionnelle continue \u00bb, lequel a fait l&#8217;objet de cl\u00f4ture par les dispositions de&nbsp;<a href=\"https:\/\/legal-doctrine.com\/text\/61a78fcf61c1ed00ae177ba6\" rel=\"noreferrer noopener\" target=\"_blank\">l&#8217;article 167 de la LF pour 2021<\/a>.<\/p>\n\n\n\n<h1 class=\"wp-block-heading\">D\u00e9lai de d\u00e9claration pour l&#8217;ann\u00e9e 2023<\/h1>\n\n\n\n<p>La publication de&nbsp;<a href=\"https:\/\/legal-doctrine.com\/text\/63e16535495873009438bd93\/\" rel=\"noreferrer noopener\" target=\"_blank\">l&#8217;arr\u00eat\u00e9 interminist\u00e9riel du 21 d\u00e9cembre 2022<\/a>, \u00e9tant intervenue le 29 janvier 2023, et \u00e0 l&#8217;effet de permettre de prendre connaissance des modalit\u00e9s de d\u00e9termination de l&#8217;assiette imposable, le d\u00e9lai de souscription de la d\u00e9claration relative \u00e0 la taxe de formation professionnelle continue et \u00e0 la taxe d&#8217;apprentissage et l&#8217;acquittement des droits dues, au titre de l&#8217;exercice 2022, sera prorog\u00e9 jusqu&#8217;au 20 mars 2023, date butoir \u00e0 laquelle cette d\u00e9claration doit \u00eatre souscrite.<\/p>\n\n\n\n<h2 class=\"wp-block-heading\">\u00c0 noter que&nbsp;<\/h2>\n\n\n\n<p>L&#8217;absence de taxes exigibles ne dispense pas l&#8217;employeur de l&#8217;obligation d\u00e9clarative de la taxe de formation professionnelle continue et de la taxe d&#8217;apprentissage.<\/p>\n\n\n\n<h2 class=\"wp-block-heading\">Non-souscription ou d\u00e9p\u00f4t tardif de la d\u00e9claration&nbsp;<\/h2>\n\n\n\n<p>Le non-d\u00e9p\u00f4t de la d\u00e9claration par l&#8217;employeur entraine son imposition d&#8217;office et l&#8217;application de p\u00e9nalit\u00e9s d&#8217;assiette, conform\u00e9ment aux dispositions de&nbsp;<a href=\"https:\/\/legal-doctrine.com\/text\/63d699415f89c80068e6623f\/\" rel=\"noreferrer noopener\" target=\"_blank\">l&#8217;article 192 du CIDTA<\/a>.<\/p>\n\n\n\n<p>La souscription tardive de la d\u00e9claration relative \u00e0 ces deux taxes est passible, quant \u00e0 elle, des p\u00e9nalit\u00e9s pr\u00e9vues \u00e0&nbsp;<a href=\"https:\/\/legal-doctrine.com\/text\/63d699415f89c80068e6623f\/\" rel=\"noreferrer noopener\" target=\"_blank\">l&#8217;article 192 du CIDTA<\/a>.<\/p>\n\n\n\n<h1 class=\"wp-block-heading\">En mati\u00e8re de sanction&nbsp;<\/h1>\n\n\n\n<p>L&#8217;<a href=\"https:\/\/legal-doctrine.com\/text\/63d699415f89c80068e6623f\/\" rel=\"noreferrer noopener\" target=\"_blank\">article 196 septies CIDTA 2023<\/a>&nbsp;pr\u00e9voit qu&#8217; :&nbsp;<strong>\u201cEn cas d\u2019insuffisance dans la d\u00e9claration, il est fait application des dispositions de l\u2019article 193 du pr\u00e9sent code des imp\u00f4ts directe et taxes assimil\u00e9es. Si l\u2019employeur n\u2019a pas souscrit la d\u00e9claration sp\u00e9ciale cit\u00e9e ci-dessus, apr\u00e8s expiration du d\u00e9lai imparti, il est fait application des sanctions pr\u00e9vues \u00e0 l\u2019article 192 du pr\u00e9sent code\u201d.<\/strong><\/p>\n\n\n\n<p>Les mod\u00e8les de la d\u00e9claration relative \u00e0 la taxe de formation professionnelle continue et \u00e0 la taxe d\u2019apprentissage ainsi que l\u2019attestation justifiant l\u2019effort consacr\u00e9 dans le cadre de l\u2019apprentissage sont annex\u00e9es \u00e0&nbsp;<a href=\"https:\/\/legal-doctrine.com\/text\/63e16535495873009438bd93\" target=\"_blank\" rel=\"noreferrer noopener\">l\u2019arr\u00eat\u00e9 interminist\u00e9riel du 21 d\u00e9cembre 2022 fixant les modalit\u00e9s d\u2019application de la taxe de formation professionnelle continue et de la taxe d\u2019apprentissage.<\/a><\/p>\n\n\n\n<p><strong><a href=\"https:\/\/legal-doctrine.com\/edition\/Taxe-de-formation-professionnelle-continue-et-taxe-dapprentissage-nouvelles-modalit%C3%A9s\/\" title=\"\">Source<\/a><\/strong><\/p>\n","protected":false},"excerpt":{"rendered":"<p>En Alg\u00e9rie, la taxe de formation professionnelle continue (TFP) est une contribution financi\u00e8re qui doit \u00eatre vers\u00e9e par les employeurs \u00e0 l&#8217;\u00c9tat afin de financer la formation professionnelle continue des travailleurs&#8230;<\/p>\n","protected":false},"author":7,"featured_media":2815,"comment_status":"closed","ping_status":"closed","sticky":false,"template":"","format":"standard","meta":{"om_disable_all_campaigns":false,"_monsterinsights_skip_tracking":false,"_monsterinsights_sitenote_active":false,"_monsterinsights_sitenote_note":"","_monsterinsights_sitenote_category":0,"_themeisle_gutenberg_block_has_review":false,"footnotes":""},"categories":[4],"tags":[],"class_list":["post-2813","post","type-post","status-publish","format-standard","has-post-thumbnail","hentry","category-management-rh"],"aioseo_notices":[],"_links":{"self":[{"href":"https:\/\/blog.emploitic.com\/index.php\/wp-json\/wp\/v2\/posts\/2813","targetHints":{"allow":["GET"]}}],"collection":[{"href":"https:\/\/blog.emploitic.com\/index.php\/wp-json\/wp\/v2\/posts"}],"about":[{"href":"https:\/\/blog.emploitic.com\/index.php\/wp-json\/wp\/v2\/types\/post"}],"author":[{"embeddable":true,"href":"https:\/\/blog.emploitic.com\/index.php\/wp-json\/wp\/v2\/users\/7"}],"replies":[{"embeddable":true,"href":"https:\/\/blog.emploitic.com\/index.php\/wp-json\/wp\/v2\/comments?post=2813"}],"version-history":[{"count":1,"href":"https:\/\/blog.emploitic.com\/index.php\/wp-json\/wp\/v2\/posts\/2813\/revisions"}],"predecessor-version":[{"id":3943,"href":"https:\/\/blog.emploitic.com\/index.php\/wp-json\/wp\/v2\/posts\/2813\/revisions\/3943"}],"wp:featuredmedia":[{"embeddable":true,"href":"https:\/\/blog.emploitic.com\/index.php\/wp-json\/wp\/v2\/media\/2815"}],"wp:attachment":[{"href":"https:\/\/blog.emploitic.com\/index.php\/wp-json\/wp\/v2\/media?parent=2813"}],"wp:term":[{"taxonomy":"category","embeddable":true,"href":"https:\/\/blog.emploitic.com\/index.php\/wp-json\/wp\/v2\/categories?post=2813"},{"taxonomy":"post_tag","embeddable":true,"href":"https:\/\/blog.emploitic.com\/index.php\/wp-json\/wp\/v2\/tags?post=2813"}],"curies":[{"name":"wp","href":"https:\/\/api.w.org\/{rel}","templated":true}]}}