{"id":292,"date":"2022-01-17T13:53:23","date_gmt":"2022-01-17T12:53:23","guid":{"rendered":"https:\/\/blog.emploitic.com\/?p=292"},"modified":"2023-04-04T14:58:56","modified_gmt":"2023-04-04T12:58:56","slug":"la-gam-assurances-recrute","status":"publish","type":"post","link":"https:\/\/blog.emploitic.com\/index.php\/la-gam-assurances-recrute\/","title":{"rendered":"La Gam Assurances Recrute !"},"content":{"rendered":"<span class=\"span-reading-time rt-reading-time\" style=\"display: block;\"><span class=\"rt-label rt-prefix\">Temps de lecture\u00a0: <\/span> <span class=\"rt-time\"> &lt;\u00a01<\/span> <span class=\"rt-label rt-postfix\">minute<\/span><\/span>\n<p>Vous justifiez d\u2019un niveau BAC + 2 minimum et&nbsp;d&#8217;une exp\u00e9rience professionnelle dans&nbsp;<strong>le domaine des assurances<\/strong>&nbsp;?<\/p>\n\n\n\n<p>Vous pensez pouvoir d\u00e9velopper votre propre&nbsp;<strong>portefeuille clients<\/strong>&nbsp;en assurances&nbsp;?&nbsp;<\/p>\n\n\n\n<div id=\"ez-toc-container\" class=\"ez-toc-v2_0_85 counter-hierarchy ez-toc-counter ez-toc-light-blue ez-toc-container-direction\">\n<div class=\"ez-toc-title-container\">\n<p class=\"ez-toc-title\" style=\"cursor:inherit\">Sommaire<\/p>\n<span class=\"ez-toc-title-toggle\"><a href=\"#\" class=\"ez-toc-pull-right ez-toc-btn ez-toc-btn-xs ez-toc-btn-default ez-toc-toggle\" aria-label=\"Toggle Table of Content\"><span class=\"ez-toc-js-icon-con\"><span class=\"\"><span class=\"eztoc-hide\" style=\"display:none;\">Toggle<\/span><span class=\"ez-toc-icon-toggle-span\"><svg style=\"fill: #999;color:#999\" xmlns=\"http:\/\/www.w3.org\/2000\/svg\" class=\"list-377408\" width=\"20px\" height=\"20px\" viewBox=\"0 0 24 24\" fill=\"none\"><path d=\"M6 6H4v2h2V6zm14 0H8v2h12V6zM4 11h2v2H4v-2zm16 0H8v2h12v-2zM4 16h2v2H4v-2zm16 0H8v2h12v-2z\" fill=\"currentColor\"><\/path><\/svg><svg style=\"fill: #999;color:#999\" class=\"arrow-unsorted-368013\" xmlns=\"http:\/\/www.w3.org\/2000\/svg\" width=\"10px\" height=\"10px\" viewBox=\"0 0 24 24\" version=\"1.2\" baseProfile=\"tiny\"><path d=\"M18.2 9.3l-6.2-6.3-6.2 6.3c-.2.2-.3.4-.3.7s.1.5.3.7c.2.2.4.3.7.3h11c.3 0 .5-.1.7-.3.2-.2.3-.5.3-.7s-.1-.5-.3-.7zM5.8 14.7l6.2 6.3 6.2-6.3c.2-.2.3-.5.3-.7s-.1-.5-.3-.7c-.2-.2-.4-.3-.7-.3h-11c-.3 0-.5.1-.7.3-.2.2-.3.5-.3.7s.1.5.3.7z\"\/><\/svg><\/span><\/span><\/span><\/a><\/span><\/div>\n<nav><ul class='ez-toc-list ez-toc-list-level-1 ' ><li class='ez-toc-page-1 ez-toc-heading-level-2'><a class=\"ez-toc-link ez-toc-heading-1\" href=\"https:\/\/blog.emploitic.com\/index.php\/la-gam-assurances-recrute\/#Rejoignez_GAM_Academy_et_prenez_en_main_votre_destin\" >Rejoignez GAM Academy et prenez en main votre destin !<\/a><\/li><\/ul><\/nav><\/div>\n<h2 class=\"wp-block-heading\"><span class=\"ez-toc-section\" id=\"Rejoignez_GAM_Academy_et_prenez_en_main_votre_destin\"><\/span><strong><u>Rejoignez GAM Academy et prenez en main votre destin !<\/u><\/strong><span class=\"ez-toc-section-end\"><\/span><\/h2>\n\n\n\n<p>Au sein du&nbsp;<strong>programme GAM Academy<\/strong>, vous b\u00e9n\u00e9ficierez :<\/p>\n\n\n\n<p>&#8211; De formations compl\u00e8tes, alternant s\u00e9minaires th\u00e9oriques et ateliers de coaching commercial sur le terrain,<\/p>\n\n\n\n<p>&#8211; D\u2019une&nbsp;r\u00e9mun\u00e9ration motivante&nbsp;avec un&nbsp;important&nbsp;variable&nbsp;sur le chiffre d\u2019affaires g\u00e9n\u00e9r\u00e9,<\/p>\n\n\n\n<p>Si vous atteignez vos objectifs, la GAM Academy s\u2019engagera \u00e0 vous fournir un accompagnement administratif et financier pour vous permettre d\u2019<strong>ouvrir votre propre Agence<\/strong>.<\/p>\n\n\n\n<p>Vous pensez r\u00e9pondre aux crit\u00e8res de s\u00e9lection et&nbsp;pouvoir faire partie des meilleurs Agents G\u00e9n\u00e9raux d\u2019Assurances en Alg\u00e9rie ?&nbsp;<strong>Cliquez<\/strong><strong>&nbsp;<a href=\"https:\/\/www.emploitic.com\/entreprise\/gam-assurance\/offres-d-emploi\/offre-d-emploi\/10030516-gam-academy-delegue-commercial-alger-algerie\"><strong>ici<\/strong>&nbsp;<\/a><\/strong>pour en savoir plus et postuler !<\/p>\n","protected":false},"excerpt":{"rendered":"<p><span class=\"span-reading-time rt-reading-time\" style=\"display: block;\"><span class=\"rt-label rt-prefix\">Temps de lecture\u00a0: <\/span> <span class=\"rt-time\"> &lt;\u00a01<\/span> <span class=\"rt-label rt-postfix\">minute<\/span><\/span>Vous justifiez d\u2019un niveau BAC + 2 minimum et&nbsp;d&#8217;une exp\u00e9rience professionnelle dans&nbsp;le domaine des assurances&nbsp;? Vous pensez pouvoir d\u00e9velopper votre propre&nbsp;portefeuille clients&nbsp;en assurances&nbsp;?&nbsp; Rejoignez GAM Academy et prenez en main votre destin ! Au sein du&nbsp;programme GAM Academy, vous b\u00e9n\u00e9ficierez : &#8211; De formations compl\u00e8tes, alternant s\u00e9minaires th\u00e9oriques et ateliers de coaching commercial sur le [&hellip;]<\/p>\n","protected":false},"author":7,"featured_media":3492,"comment_status":"open","ping_status":"open","sticky":false,"template":"","format":"standard","meta":{"om_disable_all_campaigns":false,"_monsterinsights_skip_tracking":false,"_monsterinsights_sitenote_active":false,"_monsterinsights_sitenote_note":"","_monsterinsights_sitenote_category":0,"_themeisle_gutenberg_block_has_review":false,"footnotes":""},"categories":[2],"tags":[],"class_list":["post-292","post","type-post","status-publish","format-standard","has-post-thumbnail","hentry","category-gerer-sa-carriere"],"aioseo_notices":[],"_links":{"self":[{"href":"https:\/\/blog.emploitic.com\/index.php\/wp-json\/wp\/v2\/posts\/292","targetHints":{"allow":["GET"]}}],"collection":[{"href":"https:\/\/blog.emploitic.com\/index.php\/wp-json\/wp\/v2\/posts"}],"about":[{"href":"https:\/\/blog.emploitic.com\/index.php\/wp-json\/wp\/v2\/types\/post"}],"author":[{"embeddable":true,"href":"https:\/\/blog.emploitic.com\/index.php\/wp-json\/wp\/v2\/users\/7"}],"replies":[{"embeddable":true,"href":"https:\/\/blog.emploitic.com\/index.php\/wp-json\/wp\/v2\/comments?post=292"}],"version-history":[{"count":1,"href":"https:\/\/blog.emploitic.com\/index.php\/wp-json\/wp\/v2\/posts\/292\/revisions"}],"predecessor-version":[{"id":3494,"href":"https:\/\/blog.emploitic.com\/index.php\/wp-json\/wp\/v2\/posts\/292\/revisions\/3494"}],"wp:featuredmedia":[{"embeddable":true,"href":"https:\/\/blog.emploitic.com\/index.php\/wp-json\/wp\/v2\/media\/3492"}],"wp:attachment":[{"href":"https:\/\/blog.emploitic.com\/index.php\/wp-json\/wp\/v2\/media?parent=292"}],"wp:term":[{"taxonomy":"category","embeddable":true,"href":"https:\/\/blog.emploitic.com\/index.php\/wp-json\/wp\/v2\/categories?post=292"},{"taxonomy":"post_tag","embeddable":true,"href":"https:\/\/blog.emploitic.com\/index.php\/wp-json\/wp\/v2\/tags?post=292"}],"curies":[{"name":"wp","href":"https:\/\/api.w.org\/{rel}","templated":true}]}}