{"id":3014,"date":"2023-03-23T13:03:10","date_gmt":"2023-03-23T12:03:10","guid":{"rendered":"https:\/\/blog.emploitic.com\/?p=3014"},"modified":"2023-05-25T11:34:50","modified_gmt":"2023-05-25T09:34:50","slug":"comment-motiver-et-sorganiser-avec-son-equipe-durant-ramadan","status":"publish","type":"post","link":"https:\/\/blog.emploitic.com\/index.php\/comment-motiver-et-sorganiser-avec-son-equipe-durant-ramadan\/","title":{"rendered":"Comment motiver et s&#8217;organiser avec son \u00e9quipe durant ramadan ?"},"content":{"rendered":"\n<p>Le travail pendant le ramadan peut se montrer difficile&nbsp;pour un grand nombre de personnes.&nbsp;<\/p>\n\n\n\n<p>On sait pertinemment que la motivation, l\u2019organisation et l\u2019atteinte des objectifs peuvent se montrer comme un v\u00e9ritable d\u00e9fi pendant le mois sacr\u00e9 !<\/p>\n\n\n\n<p>Nous avons donc dress\u00e9 pour vous une liste de conseils pratiques que vous pourrez mettre en \u0153uvre en tant que manager pour motiver vos \u00e9quipes durant ce mois sacr\u00e9.<\/p>\n\n\n\n<p>Bonne lecture !<br><\/p>\n\n\n\n<h2 class=\"wp-block-heading\"><strong>Les horaires de travail pendant le ramadan : une question strat\u00e9gique<\/strong><\/h2>\n\n\n\n<p>Il est important pour vous de communiquer avec votre \u00e9quipe les horaires de travail li\u00e9es au mois sacr\u00e9.<br>On remarque tr\u00e8s souvent que la productivit\u00e9 des collaborateurs <strong>baisse drastiquement<\/strong> pendant&nbsp; le ramadan, il convient donc de bien les adapter pour maintenir un certain niveau d\u2019efficacit\u00e9 dans l\u2019accomplissement des t\u00e2ches !&nbsp;<\/p>\n\n\n\n<p>En effet, chaque entreprise en Alg\u00e9rie adapte les horaires de travail selon la charge et le poste occup\u00e9 par la personne, veillez donc \u00e0 ce que tout le monde soit au courant de ces derni\u00e8res !<\/p>\n\n\n\n<h2 class=\"wp-block-heading\"><strong>Planifiez efficacement !<\/strong><\/h2>\n\n\n\n<p>Lors du mois sacr\u00e9, la planification est de mise pour contourner le manque de motivation et d\u2019organisation de vos \u00e9quipes.<br><br>Nous vous conseillons grandement de planifier les t\u00e2ches \u00e0 effectuer durant la journ\u00e9e \u00e0 l\u2019avance, en veillant, \u00e0 titre d\u2019exemple, \u00e0 planifier les r\u00e9unions importantes le matin, lorsque les cerveaux de vos collaborateurs sont encore frais .<br><br>Gare aux r\u00e9unions en fin d\u2019apr\u00e8s-midi, car vous risquez fortement de <strong>parler dans le vide !<\/strong><\/p>\n\n\n<div class=\"wp-block-image\">\n<figure class=\"aligncenter size-large is-resized\"><img fetchpriority=\"high\" decoding=\"async\" src=\"https:\/\/blog.emploitic.com\/wp-content\/uploads\/2023\/03\/motivaated-n-the-office-rmdan-1024x683.jpg\" alt=\"\" class=\"wp-image-3016\" width=\"555\" height=\"370\" srcset=\"https:\/\/blog.emploitic.com\/wp-content\/uploads\/2023\/03\/motivaated-n-the-office-rmdan-1024x683.jpg 1024w, https:\/\/blog.emploitic.com\/wp-content\/uploads\/2023\/03\/motivaated-n-the-office-rmdan-300x200.jpg 300w, https:\/\/blog.emploitic.com\/wp-content\/uploads\/2023\/03\/motivaated-n-the-office-rmdan-768x512.jpg 768w, https:\/\/blog.emploitic.com\/wp-content\/uploads\/2023\/03\/motivaated-n-the-office-rmdan-1536x1024.jpg 1536w, https:\/\/blog.emploitic.com\/wp-content\/uploads\/2023\/03\/motivaated-n-the-office-rmdan-2048x1365.jpg 2048w, https:\/\/blog.emploitic.com\/wp-content\/uploads\/2023\/03\/motivaated-n-the-office-rmdan-390x260.jpg 390w, https:\/\/blog.emploitic.com\/wp-content\/uploads\/2023\/03\/motivaated-n-the-office-rmdan-285x190.jpg 285w\" sizes=\"(max-width: 555px) 100vw, 555px\" \/><\/figure><\/div>\n\n\n<h2 class=\"wp-block-heading\"><strong>Soyez flexible !<\/strong><\/h2>\n\n\n\n<p>La flexibilit\u00e9 dans les lieux de travail est un terme qui revient de plus en plus de nos jours, \u00e0 qui il convient de donner de l\u2019importance lors du mois de Ramadan.<\/p>\n\n\n\n<p>Il est important pour vous de reconna\u00eetre que les coll\u00e8gues qui je\u00fbnent peuvent se sentir fatigu\u00e9s ou avoir un niveau d\u2019\u00e9nergie assez faible pendant la journ\u00e9e.&nbsp;<\/p>\n\n\n\n<p>Vous pourrez ainsi \u00e9tablir, \u00e0 titre d\u2019exemple, un travail par <strong>\u201ctache journali\u00e9re\u201d<\/strong>, qui ira de paire avec la planification cit\u00e9e plus haut.&nbsp;<\/p>\n\n\n\n<h2 class=\"wp-block-heading\"><strong><br><\/strong><strong>Maintenez une ambiance \u201cramadanesque\u201d !<\/strong><\/h2>\n\n\n\n<p>Encourager vos collaborateurs \u00e0 travailler en \u00e9quipe et \u00e0 s\u2019entraider mutuellement pendant cette p\u00e9riode peut se montrer comme un bon moyen de cr\u00e9er une bonne ambiance dans les bureaux pendant le mois sacr\u00e9 !<\/p>\n\n\n\n<p>Vous pourrez \u00e9galement organiser des activit\u00e9s de groupe qui permettront de <strong>briser la routine<\/strong> et de renforcer les liens, comme des repas de rupture du je\u00fbne ou des activit\u00e9s caritatives qui leur permettront de faire de bonnes actions pendant ce mois sacr\u00e9.<br><br>On vous souhaite de passer un excellent Ramadan !&nbsp;<\/p>\n\n\n\n<p><strong>Ryane Alem &#8211; Equipe Emploitic<\/strong><\/p>\n","protected":false},"excerpt":{"rendered":"<p>Nous avons dress\u00e9 pour vous une liste de conseils pratiques que vous pourrez mettre en \u0153uvre en tant que manager pour motiver vos \u00e9quipes durant ce mois sacr\u00e9&#8230;<\/p>\n","protected":false},"author":7,"featured_media":3015,"comment_status":"closed","ping_status":"closed","sticky":false,"template":"","format":"standard","meta":{"om_disable_all_campaigns":false,"_monsterinsights_skip_tracking":false,"_monsterinsights_sitenote_active":false,"_monsterinsights_sitenote_note":"","_monsterinsights_sitenote_category":0,"_themeisle_gutenberg_block_has_review":false,"footnotes":""},"categories":[4],"tags":[],"class_list":["post-3014","post","type-post","status-publish","format-standard","has-post-thumbnail","hentry","category-management-rh"],"aioseo_notices":[],"_links":{"self":[{"href":"https:\/\/blog.emploitic.com\/index.php\/wp-json\/wp\/v2\/posts\/3014","targetHints":{"allow":["GET"]}}],"collection":[{"href":"https:\/\/blog.emploitic.com\/index.php\/wp-json\/wp\/v2\/posts"}],"about":[{"href":"https:\/\/blog.emploitic.com\/index.php\/wp-json\/wp\/v2\/types\/post"}],"author":[{"embeddable":true,"href":"https:\/\/blog.emploitic.com\/index.php\/wp-json\/wp\/v2\/users\/7"}],"replies":[{"embeddable":true,"href":"https:\/\/blog.emploitic.com\/index.php\/wp-json\/wp\/v2\/comments?post=3014"}],"version-history":[{"count":6,"href":"https:\/\/blog.emploitic.com\/index.php\/wp-json\/wp\/v2\/posts\/3014\/revisions"}],"predecessor-version":[{"id":3963,"href":"https:\/\/blog.emploitic.com\/index.php\/wp-json\/wp\/v2\/posts\/3014\/revisions\/3963"}],"wp:featuredmedia":[{"embeddable":true,"href":"https:\/\/blog.emploitic.com\/index.php\/wp-json\/wp\/v2\/media\/3015"}],"wp:attachment":[{"href":"https:\/\/blog.emploitic.com\/index.php\/wp-json\/wp\/v2\/media?parent=3014"}],"wp:term":[{"taxonomy":"category","embeddable":true,"href":"https:\/\/blog.emploitic.com\/index.php\/wp-json\/wp\/v2\/categories?post=3014"},{"taxonomy":"post_tag","embeddable":true,"href":"https:\/\/blog.emploitic.com\/index.php\/wp-json\/wp\/v2\/tags?post=3014"}],"curies":[{"name":"wp","href":"https:\/\/api.w.org\/{rel}","templated":true}]}}