{"id":3076,"date":"2023-03-27T13:58:16","date_gmt":"2023-03-27T11:58:16","guid":{"rendered":"https:\/\/blog.emploitic.com\/?p=3076"},"modified":"2023-05-25T13:38:04","modified_gmt":"2023-05-25T11:38:04","slug":"replay-des-webinars-conseils-carriere-demploitic-2020-2","status":"publish","type":"post","link":"https:\/\/blog.emploitic.com\/index.php\/replay-des-webinars-conseils-carriere-demploitic-2020-2\/","title":{"rendered":"Replay des Webinars Conseils Carri\u00e8re d&#8217;Emploitic 2020"},"content":{"rendered":"\n<p><strong>Emploitic est toujours \u00e0 vos c\u00f4t\u00e9s<\/strong>&nbsp;pour offrir les meilleurs conseils \u00e0 ses candidats, m\u00eame \u00e0 distance !<\/p>\n\n\n\n<p>Le programme de nos&nbsp;<strong>Webinars Conseils Carri\u00e8re<\/strong>&nbsp;se&nbsp;poursuit :&nbsp;<strong>+ 50<\/strong><strong>&nbsp;webinars coaching<\/strong>&nbsp;anim\u00e9s du 31 mars au 31 d\u00e9cembre 2020 avec l&#8217;intervention de DRH, DG, experts en recrutement et formateurs!<\/p>\n\n\n\n<p>Nous mettons \u00e0 votre disposition un panel de conseils et d&#8217;orientations \u00e0 travers les th\u00e9matiques de nos webinars gratuits.&nbsp;Avec le sponsoring de&nbsp;<strong>Danone Djurdjura Alg\u00e9rie<\/strong>&nbsp;depuis Septembre 2020.<br><\/p>\n\n\n\n<p><strong>Replay des Webinars 2020 :<\/strong><\/p>\n\n\n\n<ul class=\"wp-block-list\">\n<li><strong>Webinar 1<\/strong><\/li>\n<\/ul>\n\n\n\n<p><strong>New ways of Working : Motivation et Productivit\u00e9 en Contexte de Crise<br>Lundi 30 Mars 2020<br><\/strong>Anim\u00e9 par M.&nbsp;<a href=\"https:\/\/www.linkedin.com\/in\/oussama-zitouni-b6aa68b4\/\">Oussama Zitouni<\/a>,&nbsp;Talent &amp; employer Branding manager, Danone Alg\u00e9rie<br><strong><\/strong><\/p>\n\n\n\n<figure class=\"wp-block-embed is-type-rich is-provider-prise-en-charge-des-contenus-embarques wp-block-embed-prise-en-charge-des-contenus-embarques wp-embed-aspect-16-9 wp-has-aspect-ratio\"><div class=\"wp-block-embed__wrapper\">\n<iframe title=\"Emploitic Conseils Carri\u00e8re: New ways of working, motivation et productivit\u00e9 en contexte de crise\" width=\"640\" height=\"360\" src=\"https:\/\/www.youtube.com\/embed\/DLau6DFIMrE?feature=oembed\" frameborder=\"0\" allow=\"accelerometer; autoplay; clipboard-write; encrypted-media; gyroscope; picture-in-picture; web-share\" referrerpolicy=\"strict-origin-when-cross-origin\" allowfullscreen><\/iframe>\n<\/div><\/figure>\n\n\n\n<ul class=\"wp-block-list\">\n<li><strong>Webinar&nbsp;2<\/strong><\/li>\n<\/ul>\n\n\n\n<p><strong>R\u00e9ussir son Entretien d&#8217;Embauche en visioconf\u00e9rence<br>Jeudi 2 Avril 2020<\/strong><br>Anim\u00e9 par Mme.&nbsp;<a href=\"https:\/\/www.linkedin.com\/in\/amina-berkani-31607736\/\">Amina Berkani<\/a>, Cadre RH, Sorfert<\/p>\n\n\n\n<figure class=\"wp-block-embed is-type-rich is-provider-prise-en-charge-des-contenus-embarques wp-block-embed-prise-en-charge-des-contenus-embarques wp-embed-aspect-16-9 wp-has-aspect-ratio\"><div class=\"wp-block-embed__wrapper\">\n<iframe title=\"Conseil Carri\u00e8re Emploitic: R\u00e9ussir son entretien d&#039;embauche en Visio conf\u00e9rence\" width=\"640\" height=\"360\" src=\"https:\/\/www.youtube.com\/embed\/m4eF_PryQ48?feature=oembed\" frameborder=\"0\" allow=\"accelerometer; autoplay; clipboard-write; encrypted-media; gyroscope; picture-in-picture; web-share\" referrerpolicy=\"strict-origin-when-cross-origin\" allowfullscreen><\/iframe>\n<\/div><\/figure>\n\n\n\n<ul class=\"wp-block-list\">\n<li><strong>Webinar 3<\/strong><\/li>\n<\/ul>\n\n\n\n<p><strong>G\u00e9rer sa Carri\u00e8re en Situation de Crise<br>Dimanche 5 Avril 2020<\/strong><br>Anim\u00e9 par Mme.&nbsp;<a href=\"https:\/\/www.linkedin.com\/in\/nassima-larras-b9244177\/\">Nassima Larras<\/a>,&nbsp;Directrice Ressources Humaines, PPG Alg\u00e9rie<br><strong><\/strong><\/p>\n\n\n\n<figure class=\"wp-block-embed is-type-rich is-provider-prise-en-charge-des-contenus-embarques wp-block-embed-prise-en-charge-des-contenus-embarques wp-embed-aspect-16-9 wp-has-aspect-ratio\"><div class=\"wp-block-embed__wrapper\">\n<iframe title=\"Webinar Conseils Carri\u00e8re: G\u00e9rer sa Carri\u00e8re en Situation de Crise\" width=\"640\" height=\"360\" src=\"https:\/\/www.youtube.com\/embed\/9duoh2Fd4xo?feature=oembed\" frameborder=\"0\" allow=\"accelerometer; autoplay; clipboard-write; encrypted-media; gyroscope; picture-in-picture; web-share\" referrerpolicy=\"strict-origin-when-cross-origin\" allowfullscreen><\/iframe>\n<\/div><\/figure>\n\n\n\n<ul class=\"wp-block-list\">\n<li><strong>Webinar&nbsp;4<\/strong><\/li>\n<\/ul>\n\n\n\n<p><strong>Digital HR<br>Mardi 7 Avril 2020<br><\/strong>Anim\u00e9 par M.&nbsp;<a href=\"https:\/\/www.linkedin.com\/in\/maloufi\/\">Mohamed Sabrou Maloufi<\/a>, Directeur Ressources Humaines, Ooredoo<br><strong><\/strong><\/p>\n\n\n\n<figure class=\"wp-block-embed is-type-rich is-provider-prise-en-charge-des-contenus-embarques wp-block-embed-prise-en-charge-des-contenus-embarques wp-embed-aspect-16-9 wp-has-aspect-ratio\"><div class=\"wp-block-embed__wrapper\">\n<iframe title=\"Webinar Conseil Carri\u00e8re : Digital HR\" width=\"640\" height=\"360\" src=\"https:\/\/www.youtube.com\/embed\/mS0GcaXQg7Q?feature=oembed\" frameborder=\"0\" allow=\"accelerometer; autoplay; clipboard-write; encrypted-media; gyroscope; picture-in-picture; web-share\" referrerpolicy=\"strict-origin-when-cross-origin\" allowfullscreen><\/iframe>\n<\/div><\/figure>\n\n\n\n<ul class=\"wp-block-list\">\n<li><strong>Webinar&nbsp;5<\/strong><\/li>\n<\/ul>\n\n\n\n<p><strong>How to Shine in Interview<br>Jeudi 9 Avril 2020<br><\/strong>Anim\u00e9 par Mme&nbsp;<a href=\"https:\/\/www.linkedin.com\/in\/nassima-mokrani-84015621\/\" target=\"_blank\" rel=\"noreferrer noopener\">Nassima Mokrani<\/a>&nbsp;,Directrice Ressources Humaines,&nbsp;Novo Nordisk<br><strong><\/strong><\/p>\n\n\n\n<figure class=\"wp-block-embed is-type-rich is-provider-prise-en-charge-des-contenus-embarques wp-block-embed-prise-en-charge-des-contenus-embarques wp-embed-aspect-16-9 wp-has-aspect-ratio\"><div class=\"wp-block-embed__wrapper\">\n<iframe title=\"Webinar Conseils Candidats: How to Shine in Interview\" width=\"640\" height=\"360\" src=\"https:\/\/www.youtube.com\/embed\/nzTu6uwEQKY?feature=oembed\" frameborder=\"0\" allow=\"accelerometer; autoplay; clipboard-write; encrypted-media; gyroscope; picture-in-picture; web-share\" referrerpolicy=\"strict-origin-when-cross-origin\" allowfullscreen><\/iframe>\n<\/div><\/figure>\n\n\n\n<ul class=\"wp-block-list\">\n<li><strong>Webinar&nbsp;6<\/strong><\/li>\n<\/ul>\n\n\n\n<p><strong>N\u00e9gocier sa R\u00e9mun\u00e9ration<br>Dimanche 12 Avril&nbsp;2020<\/strong><br>Anim\u00e9 par&nbsp;M.&nbsp;<a href=\"https:\/\/www.linkedin.com\/in\/aimaddjehiche\/\" target=\"_blank\" rel=\"noreferrer noopener\">Aimad Djehiche<\/a>, Founder &amp; CEO \u00e0 Advisorhy<br><strong><\/strong><\/p>\n\n\n\n<figure class=\"wp-block-embed is-type-rich is-provider-prise-en-charge-des-contenus-embarques wp-block-embed-prise-en-charge-des-contenus-embarques wp-embed-aspect-16-9 wp-has-aspect-ratio\"><div class=\"wp-block-embed__wrapper\">\n<iframe title=\"Webinar Conseils Candidats: N\u00e9gocier son Salaire en Entretien d&#039;Embauche\" width=\"640\" height=\"360\" src=\"https:\/\/www.youtube.com\/embed\/QHsCLGWSYAo?feature=oembed\" frameborder=\"0\" allow=\"accelerometer; autoplay; clipboard-write; encrypted-media; gyroscope; picture-in-picture; web-share\" referrerpolicy=\"strict-origin-when-cross-origin\" allowfullscreen><\/iframe>\n<\/div><\/figure>\n\n\n\n<ul class=\"wp-block-list\">\n<li><strong>Webinar&nbsp;7<\/strong><\/li>\n<\/ul>\n\n\n\n<p><strong>Le M\u00e9tier du Service \u00e0 la Client\u00e8le<br><\/strong><strong>Mardi 14 Avril&nbsp;2020<br><\/strong>Anim\u00e9 par&nbsp;Mme&nbsp;<a href=\"https:\/\/www.linkedin.com\/in\/amel-anane-ba945943\/\" target=\"_blank\" rel=\"noreferrer noopener\">Amel Anane,<\/a>&nbsp;Directrice G\u00e9n\u00e9rale de Jawda Advisory<br><strong><\/strong><\/p>\n\n\n\n<figure class=\"wp-block-embed is-type-rich is-provider-prise-en-charge-des-contenus-embarques wp-block-embed-prise-en-charge-des-contenus-embarques wp-embed-aspect-16-9 wp-has-aspect-ratio\"><div class=\"wp-block-embed__wrapper\">\n<iframe title=\"Webinar Conseils Candidats: Le M\u00e9tier du Service \u00e0 la Client\u00e8le\" width=\"640\" height=\"360\" src=\"https:\/\/www.youtube.com\/embed\/PS5Q2DYegAI?feature=oembed\" frameborder=\"0\" allow=\"accelerometer; autoplay; clipboard-write; encrypted-media; gyroscope; picture-in-picture; web-share\" referrerpolicy=\"strict-origin-when-cross-origin\" allowfullscreen><\/iframe>\n<\/div><\/figure>\n\n\n\n<ul class=\"wp-block-list\">\n<li><strong>Webinar 8<\/strong><\/li>\n<\/ul>\n\n\n\n<p><strong>Les soft skills que cherchent les recruteurs<br>Jeudi&nbsp;16 Avril 2020 \u00e0 14h<\/strong><br>Anim\u00e9 par Mme.&nbsp;<a href=\"https:\/\/www.linkedin.com\/in\/amina-berkani-31607736\/\">Lynda Belaid<\/a>, Directrice associ\u00e9e, eTalent<br><\/p>\n\n\n\n<figure class=\"wp-block-embed is-type-rich is-provider-prise-en-charge-des-contenus-embarques wp-block-embed-prise-en-charge-des-contenus-embarques wp-embed-aspect-16-9 wp-has-aspect-ratio\"><div class=\"wp-block-embed__wrapper\">\n<iframe title=\"Les Soft skills : que recherchent les recruteurs ?\" width=\"640\" height=\"360\" src=\"https:\/\/www.youtube.com\/embed\/msKyyrJxFqs?feature=oembed\" frameborder=\"0\" allow=\"accelerometer; autoplay; clipboard-write; encrypted-media; gyroscope; picture-in-picture; web-share\" referrerpolicy=\"strict-origin-when-cross-origin\" allowfullscreen><\/iframe>\n<\/div><\/figure>\n\n\n\n<ul class=\"wp-block-list\">\n<li><strong>Webinar&nbsp;9<\/strong><\/li>\n<\/ul>\n\n\n\n<p><strong>La r\u00e9silience ou comment traverser les zones de turbulence<br>Jeudi&nbsp;19 Avril 2020<\/strong><br>Anim\u00e9 par Mme.&nbsp;<a href=\"https:\/\/www.linkedin.com\/in\/dalila-bensafar-1693287\/\" target=\"_blank\" rel=\"noreferrer noopener\">Dalila Bensafar<\/a><a href=\"https:\/\/www.linkedin.com\/in\/amina-berkani-31607736\/\">,<\/a>&nbsp;Experte en Ressources Humaines<br><\/p>\n\n\n\n<figure class=\"wp-block-embed is-type-rich is-provider-prise-en-charge-des-contenus-embarques wp-block-embed-prise-en-charge-des-contenus-embarques wp-embed-aspect-16-9 wp-has-aspect-ratio\"><div class=\"wp-block-embed__wrapper\">\n<iframe title=\"La resilience ou comment traverser des zones de turbulences?\" width=\"640\" height=\"360\" src=\"https:\/\/www.youtube.com\/embed\/OxaZZO0ffq8?feature=oembed\" frameborder=\"0\" allow=\"accelerometer; autoplay; clipboard-write; encrypted-media; gyroscope; picture-in-picture; web-share\" referrerpolicy=\"strict-origin-when-cross-origin\" allowfullscreen><\/iframe>\n<\/div><\/figure>\n\n\n\n<ul class=\"wp-block-list\">\n<li><strong>Webinar 10<\/strong><\/li>\n<\/ul>\n\n\n\n<p><strong>Questions pi\u00e8ges en entretien d&#8217;embauche: Comment y r\u00e9pondre?<br>Mardi&nbsp;21 Avril 2020<\/strong><br>Anim\u00e9 par&nbsp;M.&nbsp;<a href=\"https:\/\/www.linkedin.com\/in\/rafik-abdi-b59b601\/\" target=\"_blank\" rel=\"noreferrer noopener\">Rafik Abdi<\/a>, G\u00e9rant de AddedValuePlus<\/p>\n\n\n\n<figure class=\"wp-block-embed is-type-rich is-provider-prise-en-charge-des-contenus-embarques wp-block-embed-prise-en-charge-des-contenus-embarques wp-embed-aspect-16-9 wp-has-aspect-ratio\"><div class=\"wp-block-embed__wrapper\">\n<iframe title=\"Webinar Conseils Carri\u00e8re: Questions pi\u00e8ge en entretien d&#039;embauche, comment y r\u00e9pondre?\" width=\"640\" height=\"360\" src=\"https:\/\/www.youtube.com\/embed\/xxYktbk1C5s?feature=oembed\" frameborder=\"0\" allow=\"accelerometer; autoplay; clipboard-write; encrypted-media; gyroscope; picture-in-picture; web-share\" referrerpolicy=\"strict-origin-when-cross-origin\" allowfullscreen><\/iframe>\n<\/div><\/figure>\n\n\n\n<ul class=\"wp-block-list\">\n<li><strong>Webinar 11<\/strong><\/li>\n<\/ul>\n\n\n\n<p><strong>Comment approcher l&#8217;employabilit\u00e9 apr\u00e8s la crise du COVID-19<br>Dimanche&nbsp;26 Avril 2020<\/strong><br>Anim\u00e9 par&nbsp;M.&nbsp;Mohamed Yac<a href=\"https:\/\/www.linkedin.com\/in\/rafik-abdi-b59b601\/\" target=\"_blank\" rel=\"noreferrer noopener\">i<\/a>ne, Consultant aupr\u00e8s de l&#8217;Organisation Internationale du Travail<\/p>\n\n\n\n<figure class=\"wp-block-embed is-type-rich is-provider-prise-en-charge-des-contenus-embarques wp-block-embed-prise-en-charge-des-contenus-embarques wp-embed-aspect-16-9 wp-has-aspect-ratio\"><div class=\"wp-block-embed__wrapper\">\n<iframe title=\"Webinar Conseils Carri\u00e8re: Comment approcher l&#039;employabilit\u00e9 apr\u00e8s la crise du COVID-19\" width=\"640\" height=\"360\" src=\"https:\/\/www.youtube.com\/embed\/6hi7Zf3a8Jc?feature=oembed\" frameborder=\"0\" allow=\"accelerometer; autoplay; clipboard-write; encrypted-media; gyroscope; picture-in-picture; web-share\" referrerpolicy=\"strict-origin-when-cross-origin\" allowfullscreen><\/iframe>\n<\/div><\/figure>\n\n\n\n<ul class=\"wp-block-list\">\n<li><strong>Webinar 12<\/strong><\/li>\n<\/ul>\n\n\n\n<p><strong>Comment passer du salariat \u00e0 l&#8217;entrepreneuriat<br>Jeudi 30 Avril 2020<\/strong><br>Anim\u00e9 par&nbsp;Mme Faiza Antri Bouzar, Styliste et G\u00e9rante de la Maison Fab Cr\u00e9ations<br><\/p>\n\n\n\n<figure class=\"wp-block-embed is-type-rich is-provider-prise-en-charge-des-contenus-embarques wp-block-embed-prise-en-charge-des-contenus-embarques wp-embed-aspect-16-9 wp-has-aspect-ratio\"><div class=\"wp-block-embed__wrapper\">\n<iframe title=\"Webinar Conseils Carri\u00e8re: Comment passer du salariat \u00e0 l&#039;entrepreuneuriat\" width=\"640\" height=\"360\" src=\"https:\/\/www.youtube.com\/embed\/J7QmEKFF90I?feature=oembed\" frameborder=\"0\" allow=\"accelerometer; autoplay; clipboard-write; encrypted-media; gyroscope; picture-in-picture; web-share\" referrerpolicy=\"strict-origin-when-cross-origin\" allowfullscreen><\/iframe>\n<\/div><\/figure>\n\n\n\n<ul class=\"wp-block-list\">\n<li><strong>Webinar 13<\/strong><\/li>\n<\/ul>\n\n\n\n<p><strong>G\u00e9rer son stress<br>Mardi 05 Mai 2020<\/strong><br>Anim\u00e9 par&nbsp;Mme Imen Bakhouche, Ceo de Med Training, Coach et Formatrice<br><\/p>\n\n\n\n<figure class=\"wp-block-embed is-type-rich is-provider-prise-en-charge-des-contenus-embarques wp-block-embed-prise-en-charge-des-contenus-embarques wp-embed-aspect-16-9 wp-has-aspect-ratio\"><div class=\"wp-block-embed__wrapper\">\n<iframe title=\"Webinar Conseils Carri\u00e8re: G\u00e9rer son Stress\" width=\"640\" height=\"360\" src=\"https:\/\/www.youtube.com\/embed\/P3NMBBXM9Ho?feature=oembed\" frameborder=\"0\" allow=\"accelerometer; autoplay; clipboard-write; encrypted-media; gyroscope; picture-in-picture; web-share\" referrerpolicy=\"strict-origin-when-cross-origin\" allowfullscreen><\/iframe>\n<\/div><\/figure>\n\n\n\n<ul class=\"wp-block-list\">\n<li><strong>Webinar 14<\/strong><\/li>\n<\/ul>\n\n\n\n<p><strong>Rester Motiv\u00e9 apr\u00e8s un entretien d&#8217;embauche<br>Jeudi 07 Mai&nbsp;Avril 2020<\/strong><br>Anim\u00e9 par M. Mohamed Bouakel, DRH du groupe Chiali<\/p>\n\n\n\n<figure class=\"wp-block-embed is-type-rich is-provider-prise-en-charge-des-contenus-embarques wp-block-embed-prise-en-charge-des-contenus-embarques wp-embed-aspect-16-9 wp-has-aspect-ratio\"><div class=\"wp-block-embed__wrapper\">\n<iframe title=\"Webinar Conseils Carri\u00e8re: Rester motiv\u00e9 apr\u00e8s un entretien d&#039;embauche\" width=\"640\" height=\"360\" src=\"https:\/\/www.youtube.com\/embed\/g-Yv7D_YilE?feature=oembed\" frameborder=\"0\" allow=\"accelerometer; autoplay; clipboard-write; encrypted-media; gyroscope; picture-in-picture; web-share\" referrerpolicy=\"strict-origin-when-cross-origin\" allowfullscreen><\/iframe>\n<\/div><\/figure>\n\n\n\n<ul class=\"wp-block-list\">\n<li><strong>Webinar 15<\/strong><\/li>\n<\/ul>\n\n\n\n<p><strong>La Repr\u00e9sentation du Recruteur par le Candidat: Limites et Points de Vigilence<br>Dimanche 10 Mai&nbsp;2020<\/strong><br>Anim\u00e9 par&nbsp;Mme Fettouma Khemachou, Coach et Formatrice<\/p>\n\n\n\n<figure class=\"wp-block-embed is-type-rich is-provider-prise-en-charge-des-contenus-embarques wp-block-embed-prise-en-charge-des-contenus-embarques wp-embed-aspect-16-9 wp-has-aspect-ratio\"><div class=\"wp-block-embed__wrapper\">\n<iframe title=\"Webinar Conseil : La repr\u00e9sentation du recruteur par le candidat : limites et points de vigilance\" width=\"640\" height=\"360\" src=\"https:\/\/www.youtube.com\/embed\/mIlS96Q47zE?feature=oembed\" frameborder=\"0\" allow=\"accelerometer; autoplay; clipboard-write; encrypted-media; gyroscope; picture-in-picture; web-share\" referrerpolicy=\"strict-origin-when-cross-origin\" allowfullscreen><\/iframe>\n<\/div><\/figure>\n\n\n\n<ul class=\"wp-block-list\">\n<li><strong>Webinar 16<\/strong><\/li>\n<\/ul>\n\n\n\n<p><strong>Le pouvoir de nos \u00e9motions, l&#8217;intelligence \u00e9motionnelle: Une aptitude \u00e0 d\u00e9velopper<\/strong><\/p>\n\n\n\n<p><strong>Mardi 12 Mai 2020<\/strong><strong><br><\/strong>Anim\u00e9 par&nbsp;Mme.Yasmina Hihi, Coach et Formatrice<\/p>\n\n\n\n<figure class=\"wp-block-embed is-type-rich is-provider-prise-en-charge-des-contenus-embarques wp-block-embed-prise-en-charge-des-contenus-embarques wp-embed-aspect-16-9 wp-has-aspect-ratio\"><div class=\"wp-block-embed__wrapper\">\n<iframe title=\"Webinar Conseils Carri\u00e8re:Le pouvoir des \u00e9motions,l&#039;intelligence \u00e9motionnelle, aptitude \u00e0 d\u00e9velopper\" width=\"640\" height=\"360\" src=\"https:\/\/www.youtube.com\/embed\/sBbobC-FnAo?feature=oembed\" frameborder=\"0\" allow=\"accelerometer; autoplay; clipboard-write; encrypted-media; gyroscope; picture-in-picture; web-share\" referrerpolicy=\"strict-origin-when-cross-origin\" allowfullscreen><\/iframe>\n<\/div><\/figure>\n\n\n\n<ul class=\"wp-block-list\">\n<li><strong>Webinar 17<\/strong><\/li>\n<\/ul>\n\n\n\n<p><strong>D\u00e9finir et Construire son projet professionnel<br><\/strong>Dimanche 17 Mai \u00e0 14h<\/p>\n\n\n\n<p>Anim\u00e9 par Mme&nbsp;Radia Dechicha, Psychologue, Coach et Formatrice<br><\/p>\n\n\n\n<figure class=\"wp-block-embed is-type-rich is-provider-prise-en-charge-des-contenus-embarques wp-block-embed-prise-en-charge-des-contenus-embarques wp-embed-aspect-16-9 wp-has-aspect-ratio\"><div class=\"wp-block-embed__wrapper\">\n<iframe title=\"Webinar Conseils Carri\u00e8re D\u00e9finir et Construire son Projet Professionnel\" width=\"640\" height=\"360\" src=\"https:\/\/www.youtube.com\/embed\/_pePTeKEJKg?feature=oembed\" frameborder=\"0\" allow=\"accelerometer; autoplay; clipboard-write; encrypted-media; gyroscope; picture-in-picture; web-share\" referrerpolicy=\"strict-origin-when-cross-origin\" allowfullscreen><\/iframe>\n<\/div><\/figure>\n\n\n\n<ul class=\"wp-block-list\">\n<li><strong>Webinar 18<\/strong><\/li>\n<\/ul>\n\n\n\n<p><strong>Pourquoi choisir une carri\u00e8re dans le secteur bancaire?<br><\/strong><strong>Mardi 19 Mai \u00e0 14h<br><\/strong>Anim\u00e9 par M.Belaid Djaoud, DRH Adjoint et Responsable Communication et RSE chez Natixis Alg\u00e9rie<\/p>\n\n\n\n<figure class=\"wp-block-embed is-type-rich is-provider-prise-en-charge-des-contenus-embarques wp-block-embed-prise-en-charge-des-contenus-embarques wp-embed-aspect-16-9 wp-has-aspect-ratio\"><div class=\"wp-block-embed__wrapper\">\n<iframe title=\"Webinars Conseils Carri\u00e8re: Pourquoi choisir une carri\u00e8re dans le secteur bancaire?\" width=\"640\" height=\"360\" src=\"https:\/\/www.youtube.com\/embed\/DcP3kETyTzM?feature=oembed\" frameborder=\"0\" allow=\"accelerometer; autoplay; clipboard-write; encrypted-media; gyroscope; picture-in-picture; web-share\" referrerpolicy=\"strict-origin-when-cross-origin\" allowfullscreen><\/iframe>\n<\/div><\/figure>\n\n\n\n<ul class=\"wp-block-list\">\n<li><strong>Webinar 19<\/strong><\/li>\n<\/ul>\n\n\n\n<p><strong>Jeunes Dipl\u00f4m\u00e9s &#8220;Promotion COVID 2020&#8221; : Peur du Vide ?&nbsp;<\/strong><strong>Les conseils d&#8217;un Chasseur de T\u00eates pour affronter la Temp\u00eate et &#8220;Hacker&#8221; un Job!<br><\/strong>Anim\u00e9 par&nbsp;<strong>Boualem Kadi,&nbsp;<\/strong><strong>Managing Director<\/strong>&nbsp;\u00e0 Africa Transearch<br><br><br>https:\/\/www.youtube.com\/embed\/xj7OGMsNCxk<\/p>\n\n\n\n<ul class=\"wp-block-list\">\n<li><strong>Webinar 20<\/strong><\/li>\n<\/ul>\n\n\n\n<p><strong>Le Leadership<\/strong>Anim\u00e9 par&nbsp;<strong>Hanane Lebsis,&nbsp;Head of Talent &amp; Acquisition \u00e0 Henkel<\/strong><\/p>\n\n\n\n<figure class=\"wp-block-embed is-type-rich is-provider-prise-en-charge-des-contenus-embarques wp-block-embed-prise-en-charge-des-contenus-embarques wp-embed-aspect-16-9 wp-has-aspect-ratio\"><div class=\"wp-block-embed__wrapper\">\n<iframe title=\"Webinar Conseils Carri\u00e8re: Le Leadership\" width=\"640\" height=\"360\" src=\"https:\/\/www.youtube.com\/embed\/Mwb1Pb1KdQs?feature=oembed\" frameborder=\"0\" allow=\"accelerometer; autoplay; clipboard-write; encrypted-media; gyroscope; picture-in-picture; web-share\" referrerpolicy=\"strict-origin-when-cross-origin\" allowfullscreen><\/iframe>\n<\/div><\/figure>\n\n\n\n<ul class=\"wp-block-list\">\n<li><strong>Webinar 21<\/strong><\/li>\n<\/ul>\n\n\n\n<p><strong>Le&nbsp;Personnal Branding<\/strong>Anim\u00e9 par&nbsp;<strong>Ania Nedjari, Consultante en Communication<\/strong><\/p>\n\n\n\n<figure class=\"wp-block-embed is-type-rich is-provider-prise-en-charge-des-contenus-embarques wp-block-embed-prise-en-charge-des-contenus-embarques wp-embed-aspect-16-9 wp-has-aspect-ratio\"><div class=\"wp-block-embed__wrapper\">\n<iframe title=\"Webinar Conseils Carri\u00e8re: le Personnal Branding\" width=\"640\" height=\"360\" src=\"https:\/\/www.youtube.com\/embed\/uVA3RI_qpjg?feature=oembed\" frameborder=\"0\" allow=\"accelerometer; autoplay; clipboard-write; encrypted-media; gyroscope; picture-in-picture; web-share\" referrerpolicy=\"strict-origin-when-cross-origin\" allowfullscreen><\/iframe>\n<\/div><\/figure>\n\n\n\n<ul class=\"wp-block-list\">\n<li><strong>Webinar 22<\/strong><\/li>\n<\/ul>\n\n\n\n<p><strong>Jeudi 18 Juin 2020<br>Tout sur les m\u00e9tiers du Pharma<\/strong>&nbsp;Anim\u00e9 par<strong>&nbsp;Smail Babor<\/strong>,&nbsp;<strong>HR Manager<\/strong><\/p>\n\n\n\n<figure class=\"wp-block-embed is-type-rich is-provider-prise-en-charge-des-contenus-embarques wp-block-embed-prise-en-charge-des-contenus-embarques wp-embed-aspect-16-9 wp-has-aspect-ratio\"><div class=\"wp-block-embed__wrapper\">\n<iframe title=\"Webinar Conseils Carri\u00e8re: Tout sur les m\u00e9tiers du pharma\" width=\"640\" height=\"360\" src=\"https:\/\/www.youtube.com\/embed\/mhRSGkqewh8?feature=oembed\" frameborder=\"0\" allow=\"accelerometer; autoplay; clipboard-write; encrypted-media; gyroscope; picture-in-picture; web-share\" referrerpolicy=\"strict-origin-when-cross-origin\" allowfullscreen><\/iframe>\n<\/div><\/figure>\n\n\n\n<ul class=\"wp-block-list\">\n<li><strong>Webinar 23<\/strong><\/li>\n<\/ul>\n\n\n\n<p><strong>La Valeur Ajout\u00e9e du Coaching \u00e0 notre Carri\u00e8re<br><\/strong>Anim\u00e9 par<strong>&nbsp;Imen Bakhouche , CEO de Med Training, Coach et Formatrice<br><br>https:\/\/www.youtube.com\/embed\/DroUj_AGZgw<\/strong><\/p>\n\n\n\n<ul class=\"wp-block-list\">\n<li><strong>Webinar 24<\/strong><\/li>\n<\/ul>\n\n\n\n<p><strong>Jeudi 25 Juin&nbsp;2020 :&nbsp;<\/strong><strong>Les M\u00e9tiers de la Communication<\/strong><br>Anim\u00e9 par<strong>&nbsp;Yasmine Nait Kaci<\/strong>,&nbsp;<strong>Responsable p\u00f4le assecement center \u00e0 E-Talent Solutions<\/strong><\/p>\n\n\n\n<figure class=\"wp-block-embed is-type-rich is-provider-prise-en-charge-des-contenus-embarques wp-block-embed-prise-en-charge-des-contenus-embarques wp-embed-aspect-16-9 wp-has-aspect-ratio\"><div class=\"wp-block-embed__wrapper\">\n<iframe title=\"Webinar Conseils Carri\u00e8re: Les m\u00e9tiers de la Communication\" width=\"640\" height=\"360\" src=\"https:\/\/www.youtube.com\/embed\/-dvW3cOOvLQ?feature=oembed\" frameborder=\"0\" allow=\"accelerometer; autoplay; clipboard-write; encrypted-media; gyroscope; picture-in-picture; web-share\" referrerpolicy=\"strict-origin-when-cross-origin\" allowfullscreen><\/iframe>\n<\/div><\/figure>\n\n\n\n<ul class=\"wp-block-list\">\n<li><strong>Webinar 25<\/strong><\/li>\n<\/ul>\n\n\n\n<p><strong><br><\/strong><strong>Mardi 30&nbsp;Juin&nbsp;2020 \u00e0 14H<br>Boostez votre carri\u00e8re gr\u00e2ce \u00e0 l&#8217;intelligence \u00e9motionnelle<br><\/strong>Anim\u00e9 par<strong>&nbsp;Imen Bakhouche,&nbsp;<\/strong>Coach et Formatrice<\/p>\n\n\n\n<figure class=\"wp-block-embed is-type-rich is-provider-prise-en-charge-des-contenus-embarques wp-block-embed-prise-en-charge-des-contenus-embarques wp-embed-aspect-16-9 wp-has-aspect-ratio\"><div class=\"wp-block-embed__wrapper\">\n<iframe title=\"Webinar Conseils Carri\u00e8re: Boostez votre carri\u00e8re gr\u00e2ce \u00e0 l&#039;intelligence \u00e9motionnelle\" width=\"640\" height=\"360\" src=\"https:\/\/www.youtube.com\/embed\/9eB9jN5itm0?feature=oembed\" frameborder=\"0\" allow=\"accelerometer; autoplay; clipboard-write; encrypted-media; gyroscope; picture-in-picture; web-share\" referrerpolicy=\"strict-origin-when-cross-origin\" allowfullscreen><\/iframe>\n<\/div><\/figure>\n\n\n\n<ul class=\"wp-block-list\">\n<li><strong>Webinar 26<\/strong><\/li>\n<\/ul>\n\n\n\n<p><strong><br>Jeudi 2 Juillet&nbsp;2020 \u00e0 14H<br>Booster sa confiance en soi dans le monde professionnel, ne jamais l\u00e2cher la mise!&nbsp;<br><\/strong>Anim\u00e9 par&nbsp;<strong>Ania Mezaguer,&nbsp;<\/strong>Human Ressources Responsible&nbsp;dans une Importante Multinationale<strong><br><br>https:\/\/www.youtube.com\/embed\/PG-tB2bB7wE<\/strong><\/p>\n\n\n\n<ul class=\"wp-block-list\">\n<li><strong>Webinar 26<\/strong><\/li>\n<\/ul>\n\n\n\n<p><strong>Dimanche 12 Juillet&nbsp;2020 \u00e0 14H<br><\/strong><strong>Mentoring : identifier un mentor pour vous accompagner en transition.<\/strong><br>Anim\u00e9 par<strong>&nbsp;Zoheir Oumerzouk, Head of Talent \u00e0 Kantar<\/strong><br>https:\/\/www.youtube.com\/embed\/HuENVWREWpI<\/p>\n\n\n\n<ul class=\"wp-block-list\">\n<li><strong>Webinar 27<\/strong><\/li>\n<\/ul>\n\n\n\n<p><strong>I Lead my Career<br>Mardi 14 Juillet&nbsp;2020<br><\/strong>Anim\u00e9 par&nbsp;<strong>Abderrahmane Belamine<\/strong>, Directeur du D\u00e9veloppement et de l&#8217;Audit RH dans une Importante Entreprise Multisectorielle<\/p>\n\n\n\n<figure class=\"wp-block-embed is-type-rich is-provider-prise-en-charge-des-contenus-embarques wp-block-embed-prise-en-charge-des-contenus-embarques wp-embed-aspect-16-9 wp-has-aspect-ratio\"><div class=\"wp-block-embed__wrapper\">\n<iframe title=\"Webinar Conseils Carri\u00e8re : I Lead my Career\" width=\"640\" height=\"360\" src=\"https:\/\/www.youtube.com\/embed\/e2T-PHzmm9c?feature=oembed\" frameborder=\"0\" allow=\"accelerometer; autoplay; clipboard-write; encrypted-media; gyroscope; picture-in-picture; web-share\" referrerpolicy=\"strict-origin-when-cross-origin\" allowfullscreen><\/iframe>\n<\/div><\/figure>\n\n\n\n<ul class=\"wp-block-list\">\n<li><strong>Webinar 28<\/strong><\/li>\n<\/ul>\n\n\n\n<p><strong>La Communication Digitale<br>Jeudi 16&nbsp;Juillet&nbsp;2020<br><\/strong>Anim\u00e9 par&nbsp;<strong>Naouel Tamazirt<\/strong>,&nbsp;Senior Communication Consultant<\/p>\n\n\n\n<figure class=\"wp-block-embed is-type-rich is-provider-prise-en-charge-des-contenus-embarques wp-block-embed-prise-en-charge-des-contenus-embarques wp-embed-aspect-16-9 wp-has-aspect-ratio\"><div class=\"wp-block-embed__wrapper\">\n<iframe title=\"Webinar Conseils Carri\u00e8re: La Communication Digitale\" width=\"640\" height=\"360\" src=\"https:\/\/www.youtube.com\/embed\/K-NtpZe8Alg?feature=oembed\" frameborder=\"0\" allow=\"accelerometer; autoplay; clipboard-write; encrypted-media; gyroscope; picture-in-picture; web-share\" referrerpolicy=\"strict-origin-when-cross-origin\" allowfullscreen><\/iframe>\n<\/div><\/figure>\n\n\n\n<ul class=\"wp-block-list\">\n<li><strong>Webinar 29<\/strong><\/li>\n<\/ul>\n\n\n\n<p><strong>Pourquoi l&#8217;impact de la formation varie d&#8217;une personne \u00e0 une autre?<br>Dimanche 19 Juillet&nbsp;2020 \u00e0 14H<\/strong><br>Anim\u00e9 par&nbsp;<strong>Celia Rabhia<\/strong>,&nbsp;Responsable Formation Groupe, Important Groupe Pharmaceutique.<\/p>\n\n\n\n<figure class=\"wp-block-embed is-type-rich is-provider-prise-en-charge-des-contenus-embarques wp-block-embed-prise-en-charge-des-contenus-embarques wp-embed-aspect-16-9 wp-has-aspect-ratio\"><div class=\"wp-block-embed__wrapper\">\n<iframe title=\"Webinar Conseils Carri\u00e8re:Pourquoi l&#039;Impact de la Formation est Diff\u00e9rent d&#039;une Personne \u00e0 Une autre\" width=\"640\" height=\"360\" src=\"https:\/\/www.youtube.com\/embed\/K8BuyLa9kX4?feature=oembed\" frameborder=\"0\" allow=\"accelerometer; autoplay; clipboard-write; encrypted-media; gyroscope; picture-in-picture; web-share\" referrerpolicy=\"strict-origin-when-cross-origin\" allowfullscreen><\/iframe>\n<\/div><\/figure>\n\n\n\n<ul class=\"wp-block-list\">\n<li><strong>Webinar 30<\/strong><\/li>\n<\/ul>\n\n\n\n<p><strong>Je Provoque la Chance, je D\u00e9croche mon Poste!<br>Mercredi 22 Juillet&nbsp;2020 \u00e0 14H<br><\/strong>Anim\u00e9 par<strong>&nbsp;Siham Nait Bachir,&nbsp;<\/strong>Coach et Formatrice<\/p>\n\n\n\n<figure class=\"wp-block-embed is-type-rich is-provider-prise-en-charge-des-contenus-embarques wp-block-embed-prise-en-charge-des-contenus-embarques wp-embed-aspect-16-9 wp-has-aspect-ratio\"><div class=\"wp-block-embed__wrapper\">\nhttps:\/\/youtube.com\/watch?v=1S1xh3Yj_-s\n<\/div><\/figure>\n\n\n\n<ul class=\"wp-block-list\">\n<li><strong>Webinar 31<\/strong><\/li>\n<\/ul>\n\n\n\n<p><strong>&#8220;Les mesures \u00e0 prendre par les employ\u00e9s durant cette crise COVID19&nbsp;&#8220;<br><\/strong>Mardi 18 Ao\u00fbt 2020 \u00e0 14HAnim\u00e9 par<strong>&nbsp;Abdesalem Ouarek, M\u00e9decin du Travail&nbsp;au CHU de Beni Messous<\/strong><\/p>\n\n\n\n<figure class=\"wp-block-embed is-type-rich is-provider-prise-en-charge-des-contenus-embarques wp-block-embed-prise-en-charge-des-contenus-embarques wp-embed-aspect-16-9 wp-has-aspect-ratio\"><div class=\"wp-block-embed__wrapper\">\n<iframe title=\"Webinar Conseils Carri\u00e8re: Les mesures \u00e0 prendre par les employ\u00e9s durant la crise COVID-19\" width=\"640\" height=\"360\" src=\"https:\/\/www.youtube.com\/embed\/4iWr_OhVa8A?feature=oembed\" frameborder=\"0\" allow=\"accelerometer; autoplay; clipboard-write; encrypted-media; gyroscope; picture-in-picture; web-share\" referrerpolicy=\"strict-origin-when-cross-origin\" allowfullscreen><\/iframe>\n<\/div><\/figure>\n\n\n\n<ul class=\"wp-block-list\">\n<li><strong>Webinar 32<\/strong><\/li>\n<\/ul>\n\n\n\n<p><strong>Je Provoque la Chance, je D\u00e9croche mon Poste!<br><\/strong>Dimanche 23 Ao\u00fbt 2020 \u00e0 14hAnim\u00e9 par<strong>&nbsp;Leila Chabni, Directrice Fondatrice&nbsp;chez&nbsp;DKEERE Consulting<\/strong><\/p>\n\n\n\n<figure class=\"wp-block-embed is-type-rich is-provider-prise-en-charge-des-contenus-embarques wp-block-embed-prise-en-charge-des-contenus-embarques wp-embed-aspect-16-9 wp-has-aspect-ratio\"><div class=\"wp-block-embed__wrapper\">\n<iframe title=\"Webinar Conseils Carri\u00e8re: Management interview : Comment se pr\u00e9parer et r\u00e9ussir son entretien ?\" width=\"640\" height=\"360\" src=\"https:\/\/www.youtube.com\/embed\/pRW_wDnWflc?feature=oembed\" frameborder=\"0\" allow=\"accelerometer; autoplay; clipboard-write; encrypted-media; gyroscope; picture-in-picture; web-share\" referrerpolicy=\"strict-origin-when-cross-origin\" allowfullscreen><\/iframe>\n<\/div><\/figure>\n\n\n\n<ul class=\"wp-block-list\">\n<li><strong>Webinar 33:&nbsp;<\/strong><\/li>\n<\/ul>\n\n\n\n<p><strong>Jeudi 24 Septembre 2020 \u00e0 14h<br>&#8220;Dans la Peau du Recruteur&#8221;&nbsp;<\/strong>Anim\u00e9 par<strong>&nbsp;Mounira Benhalima,&nbsp;<\/strong>General Manager \u00e0 Mawaiid Events.<strong><br><br>https:\/\/www.youtube.com\/embed\/nJ8EWd6lYns<\/strong><\/p>\n\n\n\n<ul class=\"wp-block-list\">\n<li><strong>Webinar 34:&nbsp;<\/strong><\/li>\n<\/ul>\n\n\n\n<p><strong>Mardi 29 Septembre<\/strong><strong>&nbsp;2020 \u00e0 15h30<br><\/strong>Anim\u00e9 par&nbsp;<strong>Ania Mezaguer,&nbsp;<\/strong>HR Manager dans une grande Multinationale.<\/p>\n\n\n\n<figure class=\"wp-block-embed is-type-rich is-provider-prise-en-charge-des-contenus-embarques wp-block-embed-prise-en-charge-des-contenus-embarques wp-embed-aspect-16-9 wp-has-aspect-ratio\"><div class=\"wp-block-embed__wrapper\">\n<iframe title=\"Webinar Conseils Carri\u00e8re: La Psychologie des Couleurs: 4 Styles de Personnalit\u00e9s\" width=\"640\" height=\"360\" src=\"https:\/\/www.youtube.com\/embed\/R63aljaW-uI?feature=oembed\" frameborder=\"0\" allow=\"accelerometer; autoplay; clipboard-write; encrypted-media; gyroscope; picture-in-picture; web-share\" referrerpolicy=\"strict-origin-when-cross-origin\" allowfullscreen><\/iframe>\n<\/div><\/figure>\n\n\n\n<ul class=\"wp-block-list\">\n<li><strong>Webinar 35:&nbsp;<\/strong><\/li>\n<\/ul>\n\n\n\n<p><strong>Jeudi 1er Octobre&nbsp;2020 \u00e0 13h30<br>&#8220;Comment d\u00e9velopper son leadership ? &#8220;<\/strong><br>Anim\u00e9 par<strong>&nbsp;Imen Bakhouche,&nbsp;CEO de Med Training<br><\/strong><strong><br>https:\/\/www.youtube.com\/embed\/Y00h13uKDh8<\/strong><\/p>\n\n\n\n<ul class=\"wp-block-list\">\n<li><strong>Webinar 36:&nbsp;<\/strong><\/li>\n<\/ul>\n\n\n\n<p><strong>Dimanche 4 octobre&nbsp;2020 \u00e0 14h<br><\/strong><strong>&#8220;La prise de Parole en Public&#8221;<br><\/strong>Anim\u00e9 par<strong>&nbsp;Naouel Tamazirt&nbsp;,&nbsp;<\/strong>Communication Consultant<\/p>\n\n\n\n<figure class=\"wp-block-embed is-type-rich is-provider-prise-en-charge-des-contenus-embarques wp-block-embed-prise-en-charge-des-contenus-embarques wp-embed-aspect-16-9 wp-has-aspect-ratio\"><div class=\"wp-block-embed__wrapper\">\n<iframe title=\"Live Conseil Carri\u00e8re: La prise de Parole en Public\" width=\"640\" height=\"360\" src=\"https:\/\/www.youtube.com\/embed\/wIyxHCj5r50?feature=oembed\" frameborder=\"0\" allow=\"accelerometer; autoplay; clipboard-write; encrypted-media; gyroscope; picture-in-picture; web-share\" referrerpolicy=\"strict-origin-when-cross-origin\" allowfullscreen><\/iframe>\n<\/div><\/figure>\n\n\n\n<ul class=\"wp-block-list\">\n<li><strong>Webinar 37<\/strong><\/li>\n<\/ul>\n\n\n\n<p><strong>&#8220;Comment&nbsp;optimiser son temps pour monter en comp\u00e9tences &#8220;<\/strong><br>Anim\u00e9 par<strong>&nbsp;Mohamed Yacine,&nbsp;<\/strong>Consultant \u00e0 l&#8217;OIT<strong>Jeudi 8&nbsp;Octobre&nbsp;2020 \u00e0 13h30<br><br>https:\/\/www.youtube.com\/embed\/P6Tp8_YCS4k<\/strong><\/p>\n\n\n\n<p><strong>Webinar 38<\/strong><\/p>\n\n\n\n<p><strong>&#8220;Les Nouveaux M\u00e9tiers du Digital &#8221;&nbsp;<br>Anim\u00e9 par&nbsp;Nabila Khelifa, DRH chez Jade E-Services (Jumia)&nbsp;<br>Mardi 13&nbsp;octobre&nbsp;2020 \u00e0 14h<\/strong><\/p>\n\n\n\n<figure class=\"wp-block-embed is-type-rich is-provider-prise-en-charge-des-contenus-embarques wp-block-embed-prise-en-charge-des-contenus-embarques wp-embed-aspect-16-9 wp-has-aspect-ratio\"><div class=\"wp-block-embed__wrapper\">\n<iframe title=\"Webinar Conseils Carri\u00e8re: Les nouveaux m\u00e9tiers du Digital\" width=\"640\" height=\"360\" src=\"https:\/\/www.youtube.com\/embed\/6ZTUQS0tqCg?feature=oembed\" frameborder=\"0\" allow=\"accelerometer; autoplay; clipboard-write; encrypted-media; gyroscope; picture-in-picture; web-share\" referrerpolicy=\"strict-origin-when-cross-origin\" allowfullscreen><\/iframe>\n<\/div><\/figure>\n\n\n\n<p><strong>Webinar 39<\/strong><\/p>\n\n\n\n<p><strong>Mardi 20 octobre&nbsp;2020 \u00e0 14h<br>&#8220;Les M\u00e9tiers des Ressources Humaines&#8221;<\/strong><br>Anim\u00e9 par<strong>&nbsp;Boualit Selma&nbsp;,&nbsp;<\/strong>Responsable P\u00f4le Executive Education \u00e0 l&#8217;ESAA<\/p>\n\n\n\n<figure class=\"wp-block-embed is-type-rich is-provider-prise-en-charge-des-contenus-embarques wp-block-embed-prise-en-charge-des-contenus-embarques wp-embed-aspect-16-9 wp-has-aspect-ratio\"><div class=\"wp-block-embed__wrapper\">\n<iframe title=\"Webinar Conseils Carri\u00e8re : Les M\u00e9tiers des Ressources Humaines\" width=\"640\" height=\"360\" src=\"https:\/\/www.youtube.com\/embed\/RjnZLZy2WPM?feature=oembed\" frameborder=\"0\" allow=\"accelerometer; autoplay; clipboard-write; encrypted-media; gyroscope; picture-in-picture; web-share\" referrerpolicy=\"strict-origin-when-cross-origin\" allowfullscreen><\/iframe>\n<\/div><\/figure>\n\n\n\n<ul class=\"wp-block-list\">\n<li><strong>Webinar&nbsp;40<\/strong><\/li>\n<\/ul>\n\n\n\n<p><strong>Mardi 27&nbsp;Octobre&nbsp;2020 \u00e0&nbsp;14h00<br>&#8220;R\u00e9ussir ses \u00e9crits professionnels&#8221;&nbsp;<br>Anim\u00e9 par&nbsp;Naouel Tamazirt&nbsp;,&nbsp;Communication Consultant&nbsp;<\/strong><\/p>\n\n\n\n<figure class=\"wp-block-embed is-type-rich is-provider-prise-en-charge-des-contenus-embarques wp-block-embed-prise-en-charge-des-contenus-embarques wp-embed-aspect-16-9 wp-has-aspect-ratio\"><div class=\"wp-block-embed__wrapper\">\n<iframe title=\"Live Conseil Carri\u00e8re: R\u00e9ussir ses \u00e9crits professionnels\" width=\"640\" height=\"360\" src=\"https:\/\/www.youtube.com\/embed\/D5AyP3ckkyM?feature=oembed\" frameborder=\"0\" allow=\"accelerometer; autoplay; clipboard-write; encrypted-media; gyroscope; picture-in-picture; web-share\" referrerpolicy=\"strict-origin-when-cross-origin\" allowfullscreen><\/iframe>\n<\/div><\/figure>\n\n\n\n<ul class=\"wp-block-list\">\n<li><strong>Webinar&nbsp;41<\/strong><\/li>\n<\/ul>\n\n\n\n<p><strong>Mercredi 28&nbsp;Octobre&nbsp;2020 \u00e0&nbsp;9h30<br><\/strong><strong>&#8220;Recruteurs &amp; Candidats: Comment faire face aux diff\u00e9rentes \u00e9tapes du recrutement ? &#8220;<br>Anim\u00e9 par&nbsp;Zineb Kaoua,&nbsp;Marketing Manager \u00e0 Emploitic et&nbsp;Yasmine Hadj Ahmed;&nbsp;&nbsp;Responsable Communication \u00e0 Emploitic&nbsp;<\/strong><strong><br>https:\/\/www.youtube.com\/embed\/QaOPs5UyWkM<\/strong><\/p>\n\n\n\n<ul class=\"wp-block-list\">\n<li><strong>Webinar&nbsp;42<\/strong><\/li>\n<\/ul>\n\n\n\n<p><strong>&#8220;L&#8217;intelligence \u00e9motionnelle au service de l&#8217;aisance relationnelle&#8221;<\/strong>Mardi 10 Novembre 2020 \u00e0 14h, anim\u00e9 par<strong>&nbsp;Yasmina Hihi,&nbsp;<\/strong>Coach et Formatrice<\/p>\n\n\n\n<figure class=\"wp-block-embed is-type-rich is-provider-prise-en-charge-des-contenus-embarques wp-block-embed-prise-en-charge-des-contenus-embarques wp-embed-aspect-16-9 wp-has-aspect-ratio\"><div class=\"wp-block-embed__wrapper\">\n<iframe title=\"Webinar Conseils Carri\u00e8re: L&#039;intelligence Emotionnelle au Service de l&#039;Engagement\" width=\"640\" height=\"360\" src=\"https:\/\/www.youtube.com\/embed\/5kyXD81q9iY?feature=oembed\" frameborder=\"0\" allow=\"accelerometer; autoplay; clipboard-write; encrypted-media; gyroscope; picture-in-picture; web-share\" referrerpolicy=\"strict-origin-when-cross-origin\" allowfullscreen><\/iframe>\n<\/div><\/figure>\n\n\n\n<ul class=\"wp-block-list\">\n<li><strong>Webinar&nbsp;43<\/strong><\/li>\n<\/ul>\n\n\n\n<p><strong>&#8220;La Confiance en soi durant l&#8217;entretien d&#8217;embauche&#8221;<\/strong><br>Mercredi 11&nbsp;Novembre 2020 \u00e0 14h, anim\u00e9 par<strong>&nbsp;Fayal Dikra Belmechri,&nbsp;<\/strong>DRH dans une Multinationale<\/p>\n\n\n\n<figure class=\"wp-block-embed is-type-rich is-provider-prise-en-charge-des-contenus-embarques wp-block-embed-prise-en-charge-des-contenus-embarques wp-embed-aspect-16-9 wp-has-aspect-ratio\"><div class=\"wp-block-embed__wrapper\">\n<iframe title=\"Webinar Conseils Carri\u00e8re: La confiance en soi en entretien d&#039;embauche\" width=\"640\" height=\"360\" src=\"https:\/\/www.youtube.com\/embed\/nFcbUT4A5xw?feature=oembed\" frameborder=\"0\" allow=\"accelerometer; autoplay; clipboard-write; encrypted-media; gyroscope; picture-in-picture; web-share\" referrerpolicy=\"strict-origin-when-cross-origin\" allowfullscreen><\/iframe>\n<\/div><\/figure>\n\n\n\n<ul class=\"wp-block-list\">\n<li><strong>Webinar&nbsp;44<\/strong><\/li>\n<\/ul>\n\n\n\n<p>&#8220;Conna\u00eetre les m\u00e9tiers du Pharma et r\u00e9diger une candidature pertinente&#8221;<\/p>\n\n\n\n<p>Jeudi 3 d\u00e9cembre&nbsp;2020 \u00e0 14h,anim\u00e9par<strong>&nbsp;Mehdi Amazouz,<\/strong>Talent Acquisition Manager \u00e0 Sanofi<\/p>\n\n\n\n<figure class=\"wp-block-embed is-type-rich is-provider-prise-en-charge-des-contenus-embarques wp-block-embed-prise-en-charge-des-contenus-embarques wp-embed-aspect-16-9 wp-has-aspect-ratio\"><div class=\"wp-block-embed__wrapper\">\n<iframe title=\"Live Conseils Carri\u00e8re: Connaitre les m\u00e9tiers du pharma et r\u00e9diger une candidature pertinente\" width=\"640\" height=\"360\" src=\"https:\/\/www.youtube.com\/embed\/ozGaBReN970?feature=oembed\" frameborder=\"0\" allow=\"accelerometer; autoplay; clipboard-write; encrypted-media; gyroscope; picture-in-picture; web-share\" referrerpolicy=\"strict-origin-when-cross-origin\" allowfullscreen><\/iframe>\n<\/div><\/figure>\n\n\n\n<ul class=\"wp-block-list\">\n<li><strong>Webinar&nbsp;45<\/strong><\/li>\n<\/ul>\n\n\n\n<p>&#8220;Le Personnal Branding&#8221;<br>Mardi 1er D\u00e9cembre 2020 \u00e0 11h,&nbsp;anim\u00e9 par&nbsp;<strong>Imen Bakhouche<\/strong>, Coach, Formatrice et CEO de Med Training<\/p>\n\n\n\n<figure class=\"wp-block-embed is-type-rich is-provider-prise-en-charge-des-contenus-embarques wp-block-embed-prise-en-charge-des-contenus-embarques wp-embed-aspect-16-9 wp-has-aspect-ratio\"><div class=\"wp-block-embed__wrapper\">\n<iframe title=\"Live Conseils Carri\u00e8re: Le Personnal Branding\" width=\"640\" height=\"360\" src=\"https:\/\/www.youtube.com\/embed\/4zEUuMcauHU?feature=oembed\" frameborder=\"0\" allow=\"accelerometer; autoplay; clipboard-write; encrypted-media; gyroscope; picture-in-picture; web-share\" referrerpolicy=\"strict-origin-when-cross-origin\" allowfullscreen><\/iframe>\n<\/div><\/figure>\n\n\n\n<ul class=\"wp-block-list\">\n<li><strong>Webinar&nbsp;46<\/strong><\/li>\n<\/ul>\n\n\n\n<p>&#8220;Conna\u00eetre les m\u00e9tiers du Pharma et comment r\u00e9diger une candidature pertinente&#8221;<br>Mardi 1er D\u00e9cembre 2020 \u00e0 11h,&nbsp;anim\u00e9 par&nbsp;<strong>Mahdi Amazouz<\/strong>,&nbsp;Talent Acquisition Manager chez Sanofi<br>https:\/\/www.youtube.com\/embed\/ozGaBReN970<br><\/p>\n\n\n\n<ul class=\"wp-block-list\">\n<li><strong>Webinar 47<\/strong><\/li>\n<\/ul>\n\n\n\n<p><strong>La Motivation, cette merveilleuse \u00e9nergie qui nous anime!<br><\/strong>Anim\u00e9 par&nbsp;<strong>Yasmina Hihi<\/strong>, Coach et Formatrice<br>https:\/\/www.youtube.com\/embed\/KpWINHLvoXY<\/p>\n\n\n\n<ul class=\"wp-block-list\">\n<li><strong>Webinar 48<\/strong><\/li>\n<\/ul>\n\n\n\n<p><strong>Dimanche 27 D\u00e9cembre&nbsp;2020 \u00e0 14h:&nbsp;<\/strong><strong>Tests Psychom\u00e9triques: Comment les appr\u00e9hender ?<br><\/strong>Anim\u00e9 par&nbsp;<strong>Samira Fekrache<\/strong>, psychologue et Directrice G\u00e9n\u00e9rale du CRAP<\/p>\n\n\n\n<figure class=\"wp-block-embed is-type-rich is-provider-prise-en-charge-des-contenus-embarques wp-block-embed-prise-en-charge-des-contenus-embarques wp-embed-aspect-16-9 wp-has-aspect-ratio\"><div class=\"wp-block-embed__wrapper\">\n<iframe title=\"Tests Psychometriques: Comment les appr\u00e9hender ?\" width=\"640\" height=\"360\" src=\"https:\/\/www.youtube.com\/embed\/HnlLSsDebfQ?feature=oembed\" frameborder=\"0\" allow=\"accelerometer; autoplay; clipboard-write; encrypted-media; gyroscope; picture-in-picture; web-share\" referrerpolicy=\"strict-origin-when-cross-origin\" allowfullscreen><\/iframe>\n<\/div><\/figure>\n\n\n\n<ul class=\"wp-block-list\">\n<li><strong>Webinar 49<\/strong><\/li>\n<\/ul>\n\n\n\n<p>Lundi 28 D\u00e9cembre 2020 \u00e0 11h:<strong>&nbsp;Faire son bilan de fin d&#8217;ann\u00e9e et positiver<br><\/strong>Anim\u00e9 par&nbsp;<strong>Ania Mezaguer,&nbsp;<\/strong>HR Manager dans une Multinationale sp\u00e9cialis\u00e9e dans la chimie<\/p>\n\n\n\n<figure class=\"wp-block-embed is-type-rich is-provider-prise-en-charge-des-contenus-embarques wp-block-embed-prise-en-charge-des-contenus-embarques wp-embed-aspect-16-9 wp-has-aspect-ratio\"><div class=\"wp-block-embed__wrapper\">\n<iframe title=\"Soyez le Directeur G\u00e9n\u00e9ral de Votre Vie -Bilan 2020-\" width=\"640\" height=\"360\" src=\"https:\/\/www.youtube.com\/embed\/0dG4DcSq7Pk?feature=oembed\" frameborder=\"0\" allow=\"accelerometer; autoplay; clipboard-write; encrypted-media; gyroscope; picture-in-picture; web-share\" referrerpolicy=\"strict-origin-when-cross-origin\" allowfullscreen><\/iframe>\n<\/div><\/figure>\n\n\n\n<ul class=\"wp-block-list\">\n<li><strong>Webinar 50<\/strong><\/li>\n<\/ul>\n\n\n\n<p>Lundi 28&nbsp;D\u00e9cembre&nbsp;2020 \u00e0 14h:&nbsp;<strong>Communication Interpersonnelle: apprendre \u00e0 convaincre et \u00e0 influencer<br><\/strong>Anim\u00e9 par&nbsp;<strong>Naouel Tamazirt<\/strong>, Experte Consultante en Communication<\/p>\n\n\n\n<figure class=\"wp-block-embed is-type-rich is-provider-prise-en-charge-des-contenus-embarques wp-block-embed-prise-en-charge-des-contenus-embarques wp-embed-aspect-16-9 wp-has-aspect-ratio\"><div class=\"wp-block-embed__wrapper\">\n<iframe title=\"Webinar Conseils Carri\u00e8re: Communication interpersonnelle : apprendre \u00e0 convaincre et \u00e0 influencer\" width=\"640\" height=\"360\" src=\"https:\/\/www.youtube.com\/embed\/uRKfpjShexk?feature=oembed\" frameborder=\"0\" allow=\"accelerometer; autoplay; clipboard-write; encrypted-media; gyroscope; picture-in-picture; web-share\" referrerpolicy=\"strict-origin-when-cross-origin\" allowfullscreen><\/iframe>\n<\/div><\/figure>\n\n\n\n<ul class=\"wp-block-list\">\n<li><strong>Webinar 51<\/strong><\/li>\n<\/ul>\n\n\n\n<p>Dimanche 10 Janvier 2020:&nbsp;<strong>L&#8217;attitude \u00e0 adopter suite \u00e0 un entretien d&#8217;embauche non concluant<br><\/strong>Anim\u00e9 par<strong>&nbsp;Thilelli Yantren,&nbsp;<\/strong>Coach et Consultante chez TY Consulting<\/p>\n\n\n\n<figure class=\"wp-block-embed is-type-rich is-provider-prise-en-charge-des-contenus-embarques wp-block-embed-prise-en-charge-des-contenus-embarques wp-embed-aspect-16-9 wp-has-aspect-ratio\"><div class=\"wp-block-embed__wrapper\">\n<iframe title=\"Webinar Conseils Carri\u00e8re: L&#039;attitude \u00e0 adopter suite \u00e0 un entretien d&#039;embauche non concluant\" width=\"640\" height=\"360\" src=\"https:\/\/www.youtube.com\/embed\/p7Ogv20K4rM?feature=oembed\" frameborder=\"0\" allow=\"accelerometer; autoplay; clipboard-write; encrypted-media; gyroscope; picture-in-picture; web-share\" referrerpolicy=\"strict-origin-when-cross-origin\" allowfullscreen><\/iframe>\n<\/div><\/figure>\n\n\n\n<p><strong>Pour voir les webinars de 2021, cliquez sur&nbsp;<a href=\"https:\/\/www.emploitic.com\/blog-emploi\/gerer-sa-carriere\/1117-programme-webinars\" target=\"_blank\" rel=\"noreferrer noopener\">ce lien<\/a><\/strong><\/p>\n\n\n\n<p>Yasmine Hadj Ahmed<\/p>\n\n\n\n<p>Responsable Communication \u00e0 Emploitic<\/p>\n\n\n\n<p class=\"has-text-align-center\"><a href=\"https:\/\/www.emploitic.com\/offres-d-emploi?utm_source=emploitic&amp;utm_campaign=search&amp;utm_medium=home_page\" title=\"\">Postule aux offres qui correspondent \u00e0 ton profil <\/a><\/p>\n","protected":false},"excerpt":{"rendered":"<p>Emploitic est toujours \u00e0 vos c\u00f4t\u00e9s&nbsp;pour offrir les meilleurs conseils \u00e0 ses candidats, m\u00eame \u00e0 distance ! Le programme de nos&nbsp;Webinars Conseils Carri\u00e8re&nbsp;se&nbsp;poursuit :&nbsp;+ 50&nbsp;webinars coaching&nbsp;anim\u00e9s du 31 mars au 31 d\u00e9cembre 2020 avec l&#8217;intervention de DRH, DG, experts en recrutement et formateurs! Nous mettons \u00e0 votre disposition un panel de conseils et d&#8217;orientations \u00e0 [&hellip;]<\/p>\n","protected":false},"author":7,"featured_media":3770,"comment_status":"closed","ping_status":"closed","sticky":false,"template":"","format":"standard","meta":{"om_disable_all_campaigns":false,"_monsterinsights_skip_tracking":false,"_monsterinsights_sitenote_active":false,"_monsterinsights_sitenote_note":"","_monsterinsights_sitenote_category":0,"_themeisle_gutenberg_block_has_review":false,"footnotes":""},"categories":[2],"tags":[],"class_list":["post-3076","post","type-post","status-publish","format-standard","has-post-thumbnail","hentry","category-gerer-sa-carriere"],"aioseo_notices":[],"_links":{"self":[{"href":"https:\/\/blog.emploitic.com\/index.php\/wp-json\/wp\/v2\/posts\/3076","targetHints":{"allow":["GET"]}}],"collection":[{"href":"https:\/\/blog.emploitic.com\/index.php\/wp-json\/wp\/v2\/posts"}],"about":[{"href":"https:\/\/blog.emploitic.com\/index.php\/wp-json\/wp\/v2\/types\/post"}],"author":[{"embeddable":true,"href":"https:\/\/blog.emploitic.com\/index.php\/wp-json\/wp\/v2\/users\/7"}],"replies":[{"embeddable":true,"href":"https:\/\/blog.emploitic.com\/index.php\/wp-json\/wp\/v2\/comments?post=3076"}],"version-history":[{"count":2,"href":"https:\/\/blog.emploitic.com\/index.php\/wp-json\/wp\/v2\/posts\/3076\/revisions"}],"predecessor-version":[{"id":3975,"href":"https:\/\/blog.emploitic.com\/index.php\/wp-json\/wp\/v2\/posts\/3076\/revisions\/3975"}],"wp:featuredmedia":[{"embeddable":true,"href":"https:\/\/blog.emploitic.com\/index.php\/wp-json\/wp\/v2\/media\/3770"}],"wp:attachment":[{"href":"https:\/\/blog.emploitic.com\/index.php\/wp-json\/wp\/v2\/media?parent=3076"}],"wp:term":[{"taxonomy":"category","embeddable":true,"href":"https:\/\/blog.emploitic.com\/index.php\/wp-json\/wp\/v2\/categories?post=3076"},{"taxonomy":"post_tag","embeddable":true,"href":"https:\/\/blog.emploitic.com\/index.php\/wp-json\/wp\/v2\/tags?post=3076"}],"curies":[{"name":"wp","href":"https:\/\/api.w.org\/{rel}","templated":true}]}}