{"id":3141,"date":"2023-03-27T14:30:17","date_gmt":"2023-03-27T12:30:17","guid":{"rendered":"https:\/\/blog.emploitic.com\/?p=3141"},"modified":"2023-05-28T12:17:55","modified_gmt":"2023-05-28T10:17:55","slug":"comment-rediger-un-bon-cv","status":"publish","type":"post","link":"https:\/\/blog.emploitic.com\/index.php\/comment-rediger-un-bon-cv\/","title":{"rendered":"Comment r\u00e9diger un bon CV"},"content":{"rendered":"\n<p><strong>&nbsp;&nbsp;&nbsp;&nbsp;&nbsp;\u00ab&nbsp;Find a job is a job \u00bb<\/strong>&nbsp;Mais avant de commencer \u00e0 chercher un travail, il faut avoir un CV lisible, attirant et pas long.<\/p>\n\n\n\n<p>&nbsp;&nbsp;&nbsp;&nbsp; Un recruteur passe environ entre&nbsp;<strong>5 \u00e0 15 secondes seulement sur chaque CV<\/strong>, avant de faire une premi\u00e8re s\u00e9lection. Vous devez donc dans ce laps de temps r\u00e9ussir \u00e0 le convaincre, afin d\u2019esp\u00e9rer \u00eatre convoqu\u00e9 au fameux entretien.<strong>&nbsp;Votre Curriculum Vitae doit \u00ab VOUS VENDRE \u00bb<\/strong>. Il est cens\u00e9 \u00eatre un document qui r\u00e9sume et pr\u00e9sente les grandes \u00e9tapes de votre vie professionnelle, ainsi il refl\u00e8te votre personnalit\u00e9 et attire l\u2019attention du recruteur.<\/p>\n\n\n\n<h2 class=\"wp-block-heading\">Comment pr\u00e9senter son Curriculum Vitae&nbsp;?<\/h2>\n\n\n\n<p>Pour obtenir un CV de qualit\u00e9 vous pouvez suivre ces r\u00e8gles de pr\u00e9sentation&nbsp;:<\/p>\n\n\n\n<ul class=\"wp-block-list\">\n<li>Evitez les fautes d\u2019orthographes (tr\u00e8s important)<\/li>\n\n\n\n<li>Suivre une chronologie et \u00eatre lisible (facile \u00e0 lire)<\/li>\n\n\n\n<li>Le CV doit faire ressortir les \u00e9l\u00e9ments cl\u00e9s de votre profil<\/li>\n\n\n\n<li>Inclure les informations les plus importantes sans trop s\u2019\u00e9taler (les principales missions, les plus importants dipl\u00f4mes \u2026)<\/li>\n\n\n\n<li>Essayez de&nbsp;<strong>ne pas d\u00e9passer 2 pages au maximum<\/strong>&nbsp;au risque d\u2019ennuyer le recruteur<\/li>\n\n\n\n<li>Utilisez des phrases simples et courtes qui se laissent lire sans aucun effort de lecture et de compr\u00e9hension.<\/li>\n\n\n\n<li>Soyez cr\u00e9atif et organisez l\u2019information de mani\u00e8re strat\u00e9gique sur votre CV. Un CV original avec&nbsp;<strong>une touche de design<\/strong>, aura tendance \u00e0 montrer au recruteur votre cr\u00e9ativit\u00e9 et ce de mani\u00e8re indirecte.<\/li>\n<\/ul>\n\n\n\n<p><em><a href=\"http:\/\/www.creeruncv.com\/exemple-de-cv\/original\/\" title=\"\">Pour t\u00e9l\u00e9chargez un CV original <\/a><\/em><\/p>\n\n\n\n<ul class=\"wp-block-list\">\n<li>Gardez \u00e0 l\u2019esprit que tout ce que vous mettez dans votre CV pourra \u00eatre utilis\u00e9 par le recruteur au cours de l\u2019entretien.&nbsp;<strong>Evitez donc de mentir<\/strong>&nbsp;!<\/li>\n<\/ul>\n\n\n\n<p><strong>Les principales parties \u00e0 inclure dans votre CV sont&nbsp;:<\/strong><\/p>\n\n\n\n<ul class=\"wp-block-list\">\n<li><strong>Vos informations personnelles<\/strong>&nbsp;<strong>:<\/strong>&nbsp;Il est utile de mettre en avant vos coordonn\u00e9s l\u2019e-mail, num\u00e9ro de tel, adresse, \u00e2ge et indispensablement une photo d\u2019identit\u00e9 r\u00e9cente et professionnelle (<strong>surtout pas de selfie<\/strong>).<\/li>\n\n\n\n<li><strong>Vos exp\u00e9riences professionnelles<\/strong>&nbsp;<strong>:<\/strong>&nbsp;C\u2019est tr\u00e8s important de suivre une chronologie c\u2019est-\u00e0-dire&nbsp;<strong>retracer votre parcours<\/strong>&nbsp;<strong>du plus r\u00e9cent au moins<\/strong>&nbsp;<strong>r\u00e9cent<\/strong>&nbsp;(pour faciliter la lecture du CV). Si vous avez de nombreuses exp\u00e9riences professionnelles, ne gardez que les plus pertinentes pour le poste recherch\u00e9.<\/li>\n<\/ul>\n\n\n\n<p>&nbsp;&nbsp;&nbsp;&nbsp;<em><strong>NB&nbsp;:<\/strong>&nbsp;Pour chaque emploi \/ stage occup\u00e9, n\u2019oubliez pas de mentionner : le nom de l\u2019entreprise, la dur\u00e9e pendant laquelle vous avez occup\u00e9 ce poste, l\u2019intitul\u00e9 du poste occup\u00e9, les missions r\u00e9alis\u00e9es et les r\u00e9sultats obtenus.<\/em><\/p>\n\n\n\n<ul class=\"wp-block-list\">\n<li><strong>Vos \u00e9tudes et\/ou formations&nbsp;:<\/strong>&nbsp;Mentionnez votre formation de base et vos stages avec un r\u00e9sum\u00e9 des t\u00e2ches que vous avez pu accomplir, les dipl\u00f4mes et autres formations obtenues. Vous pouvez aussi noter le th\u00e8me de votre m\u00e9moire, cela int\u00e9ressera peut-\u00eatre l\u2019employeur.<\/li>\n\n\n\n<li><strong>Vos comp\u00e9tences (qualit\u00e9s) :<\/strong>&nbsp;Sp\u00e9cifiez les logiciels que vous maitrisez ainsi que les langues, et ajoutez certaines de qualit\u00e9s qui vous caract\u00e9risent, comme : l\u2019efficacit\u00e9, l\u2019autonomie (les managers appr\u00e9cient cette qualit\u00e9 \u00e0 travailler d\u2019une mani\u00e8re ind\u00e9pendante), l\u2019organisation, la cr\u00e9ativit\u00e9, l\u2019esprit d\u2019\u00e9quipe ou l\u2019esprit d\u2019initiative, la r\u00e9sistance au stress \u2026<\/li>\n\n\n\n<li><strong>Vos centres d\u2019int\u00e9r\u00eats :<\/strong>&nbsp;Activit\u00e9s sportives et\/ou associatives, loisirs, lecture, voyages \u2026 Cette section doit \u00eatre situ\u00e9e dans la partie inf\u00e9rieure de votre CV et a pour but de montrer votre implication dans des activit\u00e9s diff\u00e9rentes \u00e0 celle du travail et de d\u00e9voiler vos passions et affinit\u00e9s.<\/li>\n<\/ul>\n\n\n\n<h2 class=\"wp-block-heading\">Conseils pour faire un bon Curriculum Vitae<\/h2>\n\n\n\n<p>&nbsp;&nbsp; \u2013 Imprimez-le avant de l\u2019envoyer, afin de juger son rendu une fois imprim\u00e9. En effet, il arrive souvent que le rendu de votre CV sur ordinateur soit diff\u00e9rent \u00e0 celui imprim\u00e9 (couleur, marge, taille, etc.)<\/p>\n\n\n\n<p>&nbsp;&nbsp; \u2013 Lisez-le une fois imprim\u00e9. Demandez \u00e0 quelqu\u2019un de votre famille ou de votre entourage de le corriger. De cette mani\u00e8re vous pourrez savoir si votre CV est lisible et compr\u00e9hensible.<\/p>\n\n\n\n<p>&nbsp;&nbsp; \u2013 Enfin posez-vous ces questions&nbsp;: Mon CV refl\u00e8te-t-il m\u2019a personnalit\u00e9 ?, Mon CV est-il convaincant&nbsp;?<\/p>\n\n\n\n<p><em><strong>Wassila.B<\/strong><\/em><\/p>\n\n\n\n<p><em><strong>R\u00e9dactrice Emploitic<\/strong><\/em><\/p>\n","protected":false},"excerpt":{"rendered":"<p>&nbsp;&nbsp;&nbsp;&nbsp;&nbsp;\u00ab&nbsp;Find a job is a job \u00bb&nbsp;Mais avant de commencer \u00e0 chercher un travail, il faut avoir un CV lisible, attirant et pas long. &nbsp;&nbsp;&nbsp;&nbsp; Un recruteur passe environ entre&nbsp;5 \u00e0 15 secondes seulement sur chaque CV, avant de faire une premi\u00e8re s\u00e9lection. Vous devez donc dans ce laps de temps r\u00e9ussir \u00e0 le convaincre, [&hellip;]<\/p>\n","protected":false},"author":7,"featured_media":3142,"comment_status":"closed","ping_status":"closed","sticky":false,"template":"","format":"standard","meta":{"om_disable_all_campaigns":false,"_monsterinsights_skip_tracking":false,"_monsterinsights_sitenote_active":false,"_monsterinsights_sitenote_note":"","_monsterinsights_sitenote_category":0,"_themeisle_gutenberg_block_has_review":false,"footnotes":""},"categories":[2],"tags":[],"class_list":["post-3141","post","type-post","status-publish","format-standard","has-post-thumbnail","hentry","category-gerer-sa-carriere"],"aioseo_notices":[],"_links":{"self":[{"href":"https:\/\/blog.emploitic.com\/index.php\/wp-json\/wp\/v2\/posts\/3141","targetHints":{"allow":["GET"]}}],"collection":[{"href":"https:\/\/blog.emploitic.com\/index.php\/wp-json\/wp\/v2\/posts"}],"about":[{"href":"https:\/\/blog.emploitic.com\/index.php\/wp-json\/wp\/v2\/types\/post"}],"author":[{"embeddable":true,"href":"https:\/\/blog.emploitic.com\/index.php\/wp-json\/wp\/v2\/users\/7"}],"replies":[{"embeddable":true,"href":"https:\/\/blog.emploitic.com\/index.php\/wp-json\/wp\/v2\/comments?post=3141"}],"version-history":[{"count":2,"href":"https:\/\/blog.emploitic.com\/index.php\/wp-json\/wp\/v2\/posts\/3141\/revisions"}],"predecessor-version":[{"id":3977,"href":"https:\/\/blog.emploitic.com\/index.php\/wp-json\/wp\/v2\/posts\/3141\/revisions\/3977"}],"wp:featuredmedia":[{"embeddable":true,"href":"https:\/\/blog.emploitic.com\/index.php\/wp-json\/wp\/v2\/media\/3142"}],"wp:attachment":[{"href":"https:\/\/blog.emploitic.com\/index.php\/wp-json\/wp\/v2\/media?parent=3141"}],"wp:term":[{"taxonomy":"category","embeddable":true,"href":"https:\/\/blog.emploitic.com\/index.php\/wp-json\/wp\/v2\/categories?post=3141"},{"taxonomy":"post_tag","embeddable":true,"href":"https:\/\/blog.emploitic.com\/index.php\/wp-json\/wp\/v2\/tags?post=3141"}],"curies":[{"name":"wp","href":"https:\/\/api.w.org\/{rel}","templated":true}]}}