{"id":358,"date":"2022-01-17T15:55:13","date_gmt":"2022-01-17T14:55:13","guid":{"rendered":"https:\/\/blog.emploitic.com\/?p=358"},"modified":"2023-04-23T13:21:13","modified_gmt":"2023-04-23T11:21:13","slug":"top-6-des-webinars-conseils-carriere-by-emploitic","status":"publish","type":"post","link":"https:\/\/blog.emploitic.com\/index.php\/top-6-des-webinars-conseils-carriere-by-emploitic\/","title":{"rendered":"TOP 6 des Webinars Conseils Carri\u00e8re by Emploitic"},"content":{"rendered":"\n<p>La crise sanitaire de 2020 ne nous a pas emp\u00each\u00e9 d&#8217;\u00eatre proches des chercheurs d&#8217;emploi et personnes actives et de les accompagner, bien au contraire! Afin de continuer \u00e0 les conseiller et \u00e0 les orienter, nous avons lanc\u00e9 une s\u00e9rie de&nbsp;<strong><a href=\"https:\/\/www.emploitic.com\/blog-emploi\/actualite-news\/957-emploitic-lance-son-programme-de-webinars-conseils-carri%C3%A8re\" target=\"_blank\" rel=\"noreferrer noopener\">&#8220;Webinars Conseils Carri\u00e8re&#8221;<\/a>&nbsp;<\/strong>avec la participation de nombreux coachs, formateurs et chefs d&#8217;entreprise. A travers des th\u00e9matiques inspirantes, notre objectif&nbsp;est d&#8217;aider les candidats \u00e0 l&#8217;emploi \u00e0 surmonter les d\u00e9fis majeurs impos\u00e9s par cette crise, et surtout leur donner un bon coup de boost pour trouver plus facilement un job ou pour avancer dans leur carri\u00e8re.<\/p>\n\n\n\n<p><strong>Nous partageons avec vous le top&nbsp;6 des webinars qui ont le plus marqu\u00e9:<\/strong><\/p>\n\n\n\n<h2 class=\"wp-block-heading\"><strong>G\u00e9rer sa Carri\u00e8re en temps de Crise<\/strong><\/h2>\n\n\n\n<p><strong>Nassima Larras<\/strong>, DRH de PPG a donn\u00e9 un constat du march\u00e9 de l&#8217;emploi au&nbsp;d\u00e9but de cette pand\u00e9mie, et a conseill\u00e9 les candidats sur la meilleure attitude \u00e0 adopter quelque soit la situation de crise pour promouvoir sa carri\u00e8re et aborder le march\u00e9 de l&#8217;emploi<\/p>\n\n\n\n<p><strong><a href=\"https:\/\/youtu.be\/9duoh2Fd4xo?list=PLF7HgcupZDPD2xZboBl7ci12_SmFBTsod\" target=\"_blank\" rel=\"noreferrer noopener\">Voir le replay<\/a><\/strong><\/p>\n\n\n\n<h2 class=\"wp-block-heading\"><strong>Pourquoi choisir une carri\u00e8re dans le secteur bancaire?<\/strong><\/h2>\n\n\n\n<p>A travers ce webinar,&nbsp;<strong>Belaid Djaoud<\/strong>,&nbsp;Adjoint et Responsable Communication et RSE chez Natixis Alg\u00e9rie, revient sur les diff\u00e9rentes familles de m\u00e9tiers du secteur bancaire, ainsi que l&#8217;environnement de travail et les possibilit\u00e9s d&#8217;\u00e9volutions qu&#8217;il offre.<\/p>\n\n\n\n<p><strong><a href=\"https:\/\/www.youtube.com\/watch?v=DcP3kETyTzM&amp;list=PLF7HgcupZDPD2xZboBl7ci12_SmFBTsod&amp;index=18\" target=\"_blank\" rel=\"noreferrer noopener\">Voir le replay<br><\/a><\/strong><\/p>\n\n\n\n<h2 class=\"wp-block-heading\"><strong>Le Pouvoir des \u00e9motions, l&#8217;intelligence \u00e9motionnelle : Une aptitude \u00e0 d\u00e9velopper<\/strong><\/h2>\n\n\n\n<p>Renforcer son efficacit\u00e9 professionnelle et son d\u00e9veloppement personnel pour ma\u00eetriser son savoir-faire relationnel est un enjeu crucial au sein de la vie de tous les jours! Ce Webinar, anim\u00e9 par&nbsp;<strong>Yasmina Hihi<\/strong>, Formatrice coach chez Optimus Formation, vous enseignera \u00e0 mieux utiliser la force de vos \u00e9motions pour en faire un moteur puissant.<\/p>\n\n\n\n<p><strong><a href=\"https:\/\/youtu.be\/sBbobC-FnAo?list=PLF7HgcupZDPD2xZboBl7ci12_SmFBTsod\" target=\"_blank\" rel=\"noreferrer noopener\">Voir le replay<br><\/a><\/strong><\/p>\n\n\n\n<h2 class=\"wp-block-heading\"><strong>La psychologie des couleurs: 4 styles de personnalit\u00e9s<\/strong><\/h2>\n\n\n\n<p>Dans une entreprise ou dans la vie, nous rencontrons diff\u00e9rentes personnalit\u00e9s, souvent compl\u00e9mentaires \u00e0 la notre. Cette diversit\u00e9 est d\u00e9finie par 4 couleurs distinctes. Dans ce webinar,&nbsp;<strong>Ania Mezaguer<\/strong>, HR Manager dans une multinationale nous apprend \u00e0 conna\u00eetre ces diff\u00e9rentes personnalit\u00e9s afin d&#8217;adapter notre communication et notre comportement.<\/p>\n\n\n\n<p><strong><a href=\"https:\/\/www.youtube.com\/watch?v=R63aljaW-uI&amp;list=PLF7HgcupZDPD2xZboBl7ci12_SmFBTsod&amp;index=35\" target=\"_blank\" rel=\"noreferrer noopener\">Voir le replay<br><\/a><\/strong><\/p>\n\n\n\n<h2 class=\"wp-block-heading\"><strong>Conna\u00eetre les m\u00e9tiers du pharma et r\u00e9diger une candidature pertinente<\/strong><\/h2>\n\n\n\n<p>Le secteur du pharma est tr\u00e8s pris\u00e9 , et nous pensons qu&#8217;il est r\u00e9serv\u00e9 uniquement \u00e0 une certaine cat\u00e9gorie de profils.&nbsp;<strong>Mahdi Amazouz<\/strong>,&nbsp;Talent Acquisition Manager chez Sanofi. Il nous d\u00e9taille l&#8217;ensemble des m\u00e9tiers du secteur pharmaceutique, et nous donne des conseils afin de r\u00e9diger une candidature pertinente , surtout si nous postulons pour un poste dans le Pharma.<\/p>\n\n\n\n<p><strong><a href=\"https:\/\/youtu.be\/ozGaBReN970?list=PLF7HgcupZDPD2xZboBl7ci12_SmFBTsod\" target=\"_blank\" rel=\"noreferrer noopener\">Voir le replay<br><\/a><\/strong><\/p>\n\n\n\n<h2 class=\"wp-block-heading\"><strong>G\u00e9rer son stress<\/strong><\/h2>\n\n\n\n<p>A travers ce webinar,&nbsp;<strong>Imen Bakhouche<\/strong>, CEO de Med Training, Coach et Formatrice nous d\u00e9couvrirons comment identifier, ma\u00eetriser et g\u00e9rer son stress en situation difficile, et surtout, comment en venir \u00e0 bout.<\/p>\n\n\n\n<p><strong><a href=\"https:\/\/youtu.be\/P3NMBBXM9Ho?list=PLF7HgcupZDPD2xZboBl7ci12_SmFBTsod\" target=\"_blank\" rel=\"noreferrer noopener\">Voir le replay<br><\/a><\/strong><\/p>\n\n\n\n<p>Yasmine Hadj Ahmed<\/p>\n\n\n\n<p>Responsable Communication | Emploitic.<\/p>\n","protected":false},"excerpt":{"rendered":"<p>La crise sanitaire de 2020 ne nous a pas emp\u00each\u00e9 d&#8217;\u00eatre proches des chercheurs d&#8217;emploi et personnes actives et de les accompagner, bien au contraire! Afin de continuer \u00e0 les conseiller et \u00e0 les orienter, nous avons lanc\u00e9 une s\u00e9rie de&nbsp;&#8220;Webinars Conseils Carri\u00e8re&#8221;&nbsp;avec la participation de nombreux coachs, formateurs et chefs d&#8217;entreprise. A travers des [&hellip;]<\/p>\n","protected":false},"author":7,"featured_media":3812,"comment_status":"open","ping_status":"open","sticky":false,"template":"","format":"standard","meta":{"om_disable_all_campaigns":false,"_monsterinsights_skip_tracking":false,"_monsterinsights_sitenote_active":false,"_monsterinsights_sitenote_note":"","_monsterinsights_sitenote_category":0,"_themeisle_gutenberg_block_has_review":false,"footnotes":""},"categories":[2],"tags":[],"class_list":["post-358","post","type-post","status-publish","format-standard","has-post-thumbnail","hentry","category-gerer-sa-carriere"],"aioseo_notices":[],"_links":{"self":[{"href":"https:\/\/blog.emploitic.com\/index.php\/wp-json\/wp\/v2\/posts\/358","targetHints":{"allow":["GET"]}}],"collection":[{"href":"https:\/\/blog.emploitic.com\/index.php\/wp-json\/wp\/v2\/posts"}],"about":[{"href":"https:\/\/blog.emploitic.com\/index.php\/wp-json\/wp\/v2\/types\/post"}],"author":[{"embeddable":true,"href":"https:\/\/blog.emploitic.com\/index.php\/wp-json\/wp\/v2\/users\/7"}],"replies":[{"embeddable":true,"href":"https:\/\/blog.emploitic.com\/index.php\/wp-json\/wp\/v2\/comments?post=358"}],"version-history":[{"count":1,"href":"https:\/\/blog.emploitic.com\/index.php\/wp-json\/wp\/v2\/posts\/358\/revisions"}],"predecessor-version":[{"id":3452,"href":"https:\/\/blog.emploitic.com\/index.php\/wp-json\/wp\/v2\/posts\/358\/revisions\/3452"}],"wp:featuredmedia":[{"embeddable":true,"href":"https:\/\/blog.emploitic.com\/index.php\/wp-json\/wp\/v2\/media\/3812"}],"wp:attachment":[{"href":"https:\/\/blog.emploitic.com\/index.php\/wp-json\/wp\/v2\/media?parent=358"}],"wp:term":[{"taxonomy":"category","embeddable":true,"href":"https:\/\/blog.emploitic.com\/index.php\/wp-json\/wp\/v2\/categories?post=358"},{"taxonomy":"post_tag","embeddable":true,"href":"https:\/\/blog.emploitic.com\/index.php\/wp-json\/wp\/v2\/tags?post=358"}],"curies":[{"name":"wp","href":"https:\/\/api.w.org\/{rel}","templated":true}]}}