{"id":378,"date":"2022-01-17T16:27:51","date_gmt":"2022-01-17T15:27:51","guid":{"rendered":"https:\/\/blog.emploitic.com\/?p=378"},"modified":"2023-04-04T13:33:12","modified_gmt":"2023-04-04T11:33:12","slug":"limportance-davoir-une-pensee-critique-au-travail","status":"publish","type":"post","link":"https:\/\/blog.emploitic.com\/index.php\/limportance-davoir-une-pensee-critique-au-travail\/","title":{"rendered":"L\u2019importance d\u2019avoir une pens\u00e9e critique au travail"},"content":{"rendered":"\n<p>La capacit\u00e9 de r\u00e9flexion critique est l&#8217;une des comp\u00e9tences les plus recherch\u00e9es dans presque tous les secteurs d&#8217;activit\u00e9 et sur tous les lieux de travail. Les comp\u00e9tences en mati\u00e8re de pens\u00e9e critique sont souvent utilis\u00e9es au travail lors de la r\u00e9solution de probl\u00e8mes, de conflits, de collaboration, d&#8217;interpr\u00e9tation et dans les t\u00e2ches de direction.&nbsp;Nous allons vous expliquer dans cet article ce qu&#8217;est exactement la pens\u00e9e critique et comment faire pour r\u00e9ussir \u00e0 la d\u00e9velopper.<br><\/p>\n\n\n\n<h2 class=\"wp-block-heading\"><strong>Qu&#8217;est-ce que la pens\u00e9e critique ou l&#8217;esprit critique ?<\/strong><\/h2>\n\n\n\n<p>Si le mot critique a souvent une connotation n\u00e9gative &#8211; on pense directement \u00e0 toutes ces remarques d\u00e9sobligeantes que l\u2019on s\u2019inflige les uns les autres, il d\u00e9signe avant tout l\u2019art du discernement.&nbsp;<br>L&#8217;esprit critique ou la pens\u00e9e critique est aujourd&#8217;hui d\u00e9crit comme un ensemble de capacit\u00e9s intellectuelles qui permet \u00e0 une personne d&#8217;analyser et de trouver une solution \u00e0 un probl\u00e8me ou \u00e0 une situation donn\u00e9e. Les personnes ayant une bonne pens\u00e9e critique tirent des conclusions raisonnables d&#8217;un ensemble d&#8217;informations et savent identifier les d\u00e9tails utiles pour r\u00e9soudre des probl\u00e8mes ou prendre des d\u00e9cisions.<\/p>\n\n\n\n<h2 class=\"wp-block-heading\"><strong>Principes d&#8217;une pens\u00e9e critique<\/strong><\/h2>\n\n\n\n<p>On observe huit principes de pens\u00e9es critiques d\u00e9crits ci-dessous.<\/p>\n\n\n\n<ul class=\"wp-block-list\">\n<li><strong>L&#8217;objectif :<\/strong>&nbsp;Le raisonnement est intentionnel. C&#8217;est un effort d\u00e9lib\u00e9r\u00e9 pour construire des inf\u00e9rences pour arriver \u00e0 des conclusions justifiables sur votre objectif.<\/li>\n\n\n\n<li><strong>La r\u00e9solution de probl\u00e8me :<\/strong>&nbsp;Si tout le monde pense tout le temps, la r\u00e9solution de probl\u00e8mes est un type particulier d&#8217;activit\u00e9 de la pens\u00e9e. Elle implique la planification d&#8217;une action, l&#8217;\u00e9tude du sujet ou de la d\u00e9fense d&#8217;une position sur une question controvers\u00e9e.<\/li>\n\n\n\n<li><strong>Les hypoth\u00e8ses :<\/strong>&nbsp;Tout raisonnement est bas\u00e9 sur des hypoth\u00e8ses. Les personnes avec une pens\u00e9e critique cherchent \u00e0 comprendre les hypoth\u00e8ses et celles qui structurent le raisonnement des autres. Elles font la distinction entre les hypoth\u00e8ses qui sont justifiables dans le contexte et celles qui ne le sont pas.<\/li>\n\n\n\n<li><strong>Le point de vue :<\/strong>&nbsp;Chacun ayant son propre point de vue, pour le pr\u00e9senter et \u00e9valuer celui des autres, il faut faire preuve d&#8217;ouverture d&#8217;esprit, d&#8217;empathie et d&#8217;\u00e9quilibre dans le jugement.<\/li>\n\n\n\n<li><strong>Les informations :<\/strong>&nbsp;Les donn\u00e9es objectives sont la base de la pens\u00e9e critique et devront toujours \u00eatre recherch\u00e9es.<\/li>\n\n\n\n<li><strong>Les concepts :<\/strong>&nbsp;Un raisonnement se base toujours sur des concepts et id\u00e9es th\u00e9oriques. Une des valeurs fondamentales est de pouvoir identifier et exprimer clairement les concepts exploit\u00e9s dans le cadre du processus de raisonnement.<\/li>\n\n\n\n<li><strong>Les interpr\u00e9tations :<\/strong>&nbsp;Il s&#8217;agira des conclusions tir\u00e9es par le biais des inf\u00e9rences.<\/li>\n<\/ul>\n\n\n\n<p><br><\/p>\n\n\n<div class=\"wp-block-image\">\n<figure class=\"aligncenter size-full is-resized\"><img fetchpriority=\"high\" decoding=\"async\" src=\"https:\/\/blog.emploitic.com\/wp-content\/uploads\/2022\/01\/pensee-critique2.jpg\" alt=\"\" class=\"wp-image-379\" width=\"593\" height=\"237\" srcset=\"https:\/\/blog.emploitic.com\/wp-content\/uploads\/2022\/01\/pensee-critique2.jpg 1000w, https:\/\/blog.emploitic.com\/wp-content\/uploads\/2022\/01\/pensee-critique2-300x120.jpg 300w, https:\/\/blog.emploitic.com\/wp-content\/uploads\/2022\/01\/pensee-critique2-768x307.jpg 768w\" sizes=\"(max-width: 593px) 100vw, 593px\" \/><\/figure><\/div>\n\n\n<h2 class=\"wp-block-heading\"><br><strong>Comment d\u00e9velopper sa pens\u00e9e critique ?<\/strong><\/h2>\n\n\n\n<p>Maintenant que vous appr\u00e9hendez bien la notion de pens\u00e9e critique vous vous demandez s\u00fbrement comment la stimuler. Vous trouverez ici quelques suggestions<\/p>\n\n\n\n<ul class=\"wp-block-list\">\n<li><strong>Soyez pr\u00e9cis<\/strong> <strong>: <\/strong>\u00catre pr\u00e9cis, c&#8217;est s&#8217;assurer de l&#8217;absence d&#8217;erreur ou de divergence. Cela signifie que vous devez choisir le bon mot, v\u00e9rifier vos chiffres et vos statistiques et recherchez la pr\u00e9cision d\u00e8s que vous avez une donn\u00e9e. La comptabilit\u00e9, par exemple, est une profession dans laquelle la pr\u00e9cision est cruciale pour garantir que les finances d&#8217;une entreprise soient en bon ordre.<br><\/li>\n\n\n\n<li><strong>Enqu\u00eatez :<\/strong>\u00a0La recherche d&#8217;information et l&#8217;observation sont des pr\u00e9alables essentiels \u00e0 la prise de d\u00e9cision. Nous entendons par l\u00e0 que vous devrez ignorer ce que vous croyez savoir mais aussi le r\u00e9sultat souhait\u00e9. Par exemple, un administrateur de bureau qui planifie une f\u00eate de vacances ne peut pas simplement faire une r\u00e9servation dans son restaurant pr\u00e9f\u00e9r\u00e9. Il doit plut\u00f4t chercher des devis, des avis, trouver les dates de r\u00e9servation possibles des lieux et s&#8217;assurer que chaque employ\u00e9 peut y assister avant de choisir un jour.<br><\/li>\n\n\n\n<li><strong>Cherchez les raisons :<\/strong>\u00a0Le raisonnement logique consiste \u00e0 utiliser des connexions rationnelles entre les choses, les \u00e9v\u00e9nements et les personnes pour tirer des conclusions. Vous devez par exemple analyser toutes les racines d&#8217;un probl\u00e8me. Il existe pour cela des m\u00e9thodes rationnalis\u00e9es comme \u00ab les Cinq Pourquoi \u00bb.<br><\/li>\n\n\n\n<li><strong>Sachez \u00e9valuer :<\/strong>\u00a0\u00c9valuer, c&#8217;est juger de la qualit\u00e9 de quelque chose. Vous le faites tous les jours, notamment lorsque vous d\u00e9cidez si un potentiel achat vaut ou non son prix. Lors de la r\u00e9solution d&#8217;un probl\u00e8me en entreprise, il vous sera toujours utile d&#8217;analyser d&#8217;autres travaux effectu\u00e9s dans le m\u00eame domaine. Ne recommencez pas \u00e0 z\u00e9ro si des bases existent d\u00e9j\u00e0. Vous devrez cependant v\u00e9rifier si ces informations ne sont pas erron\u00e9es ou si dans leurs pr\u00e9mices les situations peuvent effectivement se comparer.<br><\/li>\n\n\n\n<li><strong>Pr\u00e9voyez:<\/strong>&nbsp;Cette comp\u00e9tence vous oblige \u00e0 utiliser les informations que vous avez recueillies et les conclusions que vous avez tir\u00e9es pour \u00e9laborer une th\u00e9orie raisonnable sur ce qui pourrait arriver ensuite. Pr\u00e9voir est diff\u00e9rent de deviner, car vous pouvez utiliser des informations comme une exp\u00e9rience pass\u00e9e dans l&#8217;entreprise pour rendre votre pr\u00e9diction plus probable.<br><\/li>\n\n\n\n<li><strong>Remettez en question les hypoth\u00e8ses de base :<\/strong>\u00a0Les plus grands innovateurs de l&#8217;histoire de l&#8217;humanit\u00e9 ont souvent remis en question les hypoth\u00e8ses pr\u00e9\u00e9tablies. Cette caract\u00e9ristique de l&#8217;esprit critique est appel\u00e9 \u00ab z\u00e9t\u00e9tique \u00bb, soit la facult\u00e9 de chercher, d&#8217;examiner, c&#8217;est \u00ab l&#8217;art du doute \u00bb. Si l&#8217;on vous dit qu&#8217;une chose est impossible, votre responsabilit\u00e9 est de comprendre pourquoi on en est arriv\u00e9 \u00e0 cette conclusion.<\/li>\n<\/ul>\n\n\n\n<p><a href=\"https:\/\/emplois.be.indeed.com\/conseils-carriere\/evolution-professionnelle\/pensee-critique\" target=\"_blank\" rel=\"noreferrer noopener\"><strong>Source<\/strong><\/a><\/p>\n","protected":false},"excerpt":{"rendered":"<p>La capacit\u00e9 de r\u00e9flexion critique est l&#8217;une des comp\u00e9tences les plus recherch\u00e9es dans presque tous les secteurs d&#8217;activit\u00e9 et sur tous les lieux de travail. Les comp\u00e9tences en mati\u00e8re de pens\u00e9e critique sont souvent utilis\u00e9es au travail lors de la r\u00e9solution de probl\u00e8mes, de conflits, de collaboration, d&#8217;interpr\u00e9tation et dans les t\u00e2ches de direction.&nbsp;Nous allons [&hellip;]<\/p>\n","protected":false},"author":7,"featured_media":3135,"comment_status":"open","ping_status":"open","sticky":false,"template":"","format":"standard","meta":{"om_disable_all_campaigns":false,"_monsterinsights_skip_tracking":false,"_monsterinsights_sitenote_active":false,"_monsterinsights_sitenote_note":"","_monsterinsights_sitenote_category":0,"_themeisle_gutenberg_block_has_review":false,"footnotes":""},"categories":[2],"tags":[],"class_list":["post-378","post","type-post","status-publish","format-standard","has-post-thumbnail","hentry","category-gerer-sa-carriere"],"aioseo_notices":[],"_links":{"self":[{"href":"https:\/\/blog.emploitic.com\/index.php\/wp-json\/wp\/v2\/posts\/378","targetHints":{"allow":["GET"]}}],"collection":[{"href":"https:\/\/blog.emploitic.com\/index.php\/wp-json\/wp\/v2\/posts"}],"about":[{"href":"https:\/\/blog.emploitic.com\/index.php\/wp-json\/wp\/v2\/types\/post"}],"author":[{"embeddable":true,"href":"https:\/\/blog.emploitic.com\/index.php\/wp-json\/wp\/v2\/users\/7"}],"replies":[{"embeddable":true,"href":"https:\/\/blog.emploitic.com\/index.php\/wp-json\/wp\/v2\/comments?post=378"}],"version-history":[{"count":3,"href":"https:\/\/blog.emploitic.com\/index.php\/wp-json\/wp\/v2\/posts\/378\/revisions"}],"predecessor-version":[{"id":3436,"href":"https:\/\/blog.emploitic.com\/index.php\/wp-json\/wp\/v2\/posts\/378\/revisions\/3436"}],"wp:featuredmedia":[{"embeddable":true,"href":"https:\/\/blog.emploitic.com\/index.php\/wp-json\/wp\/v2\/media\/3135"}],"wp:attachment":[{"href":"https:\/\/blog.emploitic.com\/index.php\/wp-json\/wp\/v2\/media?parent=378"}],"wp:term":[{"taxonomy":"category","embeddable":true,"href":"https:\/\/blog.emploitic.com\/index.php\/wp-json\/wp\/v2\/categories?post=378"},{"taxonomy":"post_tag","embeddable":true,"href":"https:\/\/blog.emploitic.com\/index.php\/wp-json\/wp\/v2\/tags?post=378"}],"curies":[{"name":"wp","href":"https:\/\/api.w.org\/{rel}","templated":true}]}}