{"id":3929,"date":"2023-05-24T13:24:10","date_gmt":"2023-05-24T11:24:10","guid":{"rendered":"https:\/\/blog.emploitic.com\/?p=3929"},"modified":"2023-05-28T12:43:50","modified_gmt":"2023-05-28T10:43:50","slug":"cto-forum-algeria-le-rendez-vous-des-acteurs-de-lit","status":"publish","type":"post","link":"https:\/\/blog.emploitic.com\/index.php\/cto-forum-algeria-le-rendez-vous-des-acteurs-de-lit\/","title":{"rendered":"CTO Forum Algeria : Le rendez-vous des acteurs  de l&#8217;IT"},"content":{"rendered":"\n<p>Organis\u00e9 du 08 au 10 mai 2023 au niveau du Centre International des Conf\u00e9rences d\u2019Alger, le CTO Forum Algeria a pour vocation d\u2019\u00eatre la vitrine des technologies les plus innovantes mises \u00e0 disposition des entreprises et des professionnels du secteur. Son objectif est de privil\u00e9gier le B2B entre Top d\u00e9cideurs et Exposants.<\/p>\n\n\n\n<p>Avec l\u2019exposition d\u2019une large s\u00e9lection de solutions IT, il a permis au visiteurs d\u2019effectuer une veille technologique, de donner lieu \u00e0 des \u00e9changes professionnels dont la rencontre de futurs potentiels partenaires.<\/p>\n\n\n\n<p>Au programme:&nbsp;<\/p>\n\n\n\n<ul class=\"wp-block-list\">\n<li><strong>Des conf\u00e9rences<\/strong> durant lesquelles la parole a \u00e9t\u00e9 donn\u00e9e \u00e0 des experts et d\u00e9cideurs du secteur IT.<\/li>\n\n\n\n<li><strong>Des panels<\/strong> compos\u00e9s d\u2019experts du secteur IT, de dirigeants et de repr\u00e9sentants d\u2019entreprises pour t\u00e9moigner, discuter, soulever et d\u00e9battre de multiples th\u00e9matiques du secteur IT.<\/li>\n\n\n\n<li><strong>Des ateliers<\/strong> donnant l\u2019occasion aux exposants de fournir aux visiteurs de plus amples explications concernant les produits ou solutions qu\u2019ils proposent.<\/li>\n<\/ul>\n\n\n\n<p>Emploitic est fi\u00e8re d\u2019avoir \u00e9t\u00e9 partenaire de la rencontre majeure des acteurs des TIC en Alg\u00e9rie. Dans cette optique, nous avons expos\u00e9 \u00e0 travers un stand au niveau de l\u2019espace d\u2019exposition nos solutions d\u2019accompagnement dans la digitalisation des ressources humaines. Louai Djaffer, Cofondateur d\u2019Emploitic a particip\u00e9 au panel : <strong>M\u00e9tiers de l\u2019IT, des talents de plus en plus rares ! <\/strong>Avec la digitalisation des structures et services en Alg\u00e9rie, la num\u00e9risation est aujourd\u2019hui le gros chantier dans l\u2019ensemble des secteurs d\u2019activit\u00e9s. Quels sont les domaines qui connaissent le plus d\u2019acc\u00e9l\u00e9ration ces derni\u00e8res ann\u00e9es ? Quels sont ceux qui conna\u00eetront une \u00e9volution remarquable ? Quels sont les enjeux et perspectives ? C\u2019est les questions auxquelles ont r\u00e9pondu les intervenants du panel .<\/p>\n\n\n\n<p>Les entreprises technologiques les plus innovantes ont \u00e9galement \u00e9t\u00e9 prim\u00e9es lors du CTO Forum Algeria , \u00e0 travers un concours d\u00e9signant les meilleures applications mobiles par des startups de moins de 3 ans. Les repr\u00e9sentants des 10  meilleures applications pr\u00e9s\u00e9lectionn\u00e9es par les membres du jury ont pu pr\u00e9senter leurs projets \u00e0 travers la mise en avant de leur fonctionnalit\u00e9s, utilit\u00e9s, design qualit\u00e9 du contenu.  F\u00e9licitations aux 3 meilleures applications mobiles &#8221;&nbsp;<a href=\"https:\/\/www.linkedin.com\/company\/vandista-dz\/\">Vandista.dz<\/a>&nbsp;1er prix,&nbsp;<a href=\"https:\/\/www.linkedin.com\/company\/sihhatech-algerie\/\">SIHHATECH ALGERIE&nbsp;<\/a>2eme prix,&nbsp;<a href=\"https:\/\/www.linkedin.com\/company\/efendimapp\/\">Efendim &#8211; Ready for you!<\/a>&nbsp;3eme prix&#8221; <\/p>\n\n\n\n<p><a href=\"https:\/\/www.linkedin.com\/posts\/cto-forum-algeria_panel-6-m%C3%A9tiers-de-lit-des-talents-de-activity-7061691404380426240-LmQv?utm_source=share&amp;utm_medium=member_desktop\">visionner le replay<\/a><\/p>\n\n\n\n<p><\/p>\n","protected":false},"excerpt":{"rendered":"<p>Organis\u00e9 du 08 au 10 mai 2023 au niveau du Centre International des Conf\u00e9rences d\u2019Alger, le CTO Forum Algeria a pour vocation d\u2019\u00eatre la vitrine des technologies les plus innovantes mises \u00e0 disposition des entreprises et des professionnels du secteur. Son objectif est de privil\u00e9gier le B2B entre Top d\u00e9cideurs et Exposants. Avec l\u2019exposition d\u2019une [&hellip;]<\/p>\n","protected":false},"author":7,"featured_media":3949,"comment_status":"closed","ping_status":"closed","sticky":false,"template":"","format":"standard","meta":{"om_disable_all_campaigns":false,"_monsterinsights_skip_tracking":false,"_monsterinsights_sitenote_active":false,"_monsterinsights_sitenote_note":"","_monsterinsights_sitenote_category":0,"_themeisle_gutenberg_block_has_review":false,"footnotes":""},"categories":[4],"tags":[],"class_list":["post-3929","post","type-post","status-publish","format-standard","has-post-thumbnail","hentry","category-management-rh"],"aioseo_notices":[],"_links":{"self":[{"href":"https:\/\/blog.emploitic.com\/index.php\/wp-json\/wp\/v2\/posts\/3929","targetHints":{"allow":["GET"]}}],"collection":[{"href":"https:\/\/blog.emploitic.com\/index.php\/wp-json\/wp\/v2\/posts"}],"about":[{"href":"https:\/\/blog.emploitic.com\/index.php\/wp-json\/wp\/v2\/types\/post"}],"author":[{"embeddable":true,"href":"https:\/\/blog.emploitic.com\/index.php\/wp-json\/wp\/v2\/users\/7"}],"replies":[{"embeddable":true,"href":"https:\/\/blog.emploitic.com\/index.php\/wp-json\/wp\/v2\/comments?post=3929"}],"version-history":[{"count":4,"href":"https:\/\/blog.emploitic.com\/index.php\/wp-json\/wp\/v2\/posts\/3929\/revisions"}],"predecessor-version":[{"id":3989,"href":"https:\/\/blog.emploitic.com\/index.php\/wp-json\/wp\/v2\/posts\/3929\/revisions\/3989"}],"wp:featuredmedia":[{"embeddable":true,"href":"https:\/\/blog.emploitic.com\/index.php\/wp-json\/wp\/v2\/media\/3949"}],"wp:attachment":[{"href":"https:\/\/blog.emploitic.com\/index.php\/wp-json\/wp\/v2\/media?parent=3929"}],"wp:term":[{"taxonomy":"category","embeddable":true,"href":"https:\/\/blog.emploitic.com\/index.php\/wp-json\/wp\/v2\/categories?post=3929"},{"taxonomy":"post_tag","embeddable":true,"href":"https:\/\/blog.emploitic.com\/index.php\/wp-json\/wp\/v2\/tags?post=3929"}],"curies":[{"name":"wp","href":"https:\/\/api.w.org\/{rel}","templated":true}]}}