{"id":410,"date":"2022-01-19T11:58:07","date_gmt":"2022-01-19T10:58:07","guid":{"rendered":"https:\/\/blog.emploitic.com\/?p=410"},"modified":"2023-04-04T13:19:05","modified_gmt":"2023-04-04T11:19:05","slug":"rediger-son-cv-et-sa-lettre-de-motivation-apres-une-longue-periode-dinactivite","status":"publish","type":"post","link":"https:\/\/blog.emploitic.com\/index.php\/rediger-son-cv-et-sa-lettre-de-motivation-apres-une-longue-periode-dinactivite\/","title":{"rendered":"R\u00e9diger son CV et sa lettre de motivation apr\u00e8s une longue p\u00e9riode d&#8217;inactivit\u00e9"},"content":{"rendered":"\n<p>Une longue p\u00e9riode d\u2019inactivit\u00e9 affecte sensiblement une carri\u00e8re. Toutefois, le retour \u00e0 l\u2019emploi se pr\u00e9pare. Vous pouvez revenir sur le march\u00e9 du travail muni d&#8217;un CV efficace et d&#8217;un plan pour votre recherche d&#8217;emploi. Pour cela, voici&nbsp;quelques&nbsp;conseils&nbsp;:<\/p>\n\n\n\n<h2 class=\"wp-block-heading\"><strong>Avant de r\u00e9diger votre CV<\/strong><\/h2>\n\n\n\n<ul class=\"wp-block-list\">\n<li><strong>Identifiez vos comp\u00e9tences et exp\u00e9riences :<\/strong>&nbsp;Faites des recherches sur l&#8217;emploi que vous ciblez pour conna\u00eetre les comp\u00e9tences les plus recherch\u00e9s actuellement par les recruteurs. Dressez une liste des comp\u00e9tences, de l&#8217;exp\u00e9rience, de la formation et des qualit\u00e9s personnelles que vous poss\u00e9dez et qui correspondent \u00e0 ce profil.&nbsp;<\/li>\n<\/ul>\n\n\n\n<ul class=\"wp-block-list\">\n<li><strong>Mettez vos comp\u00e9tences \u00e0 jour :<\/strong>&nbsp;Puisque vous \u00eates en comp\u00e9tition avec des chercheurs d&#8217;emploi dont la carri\u00e8re a continu\u00e9 \u00e0 avancer pendant votre absence, assurez-vous d&#8217;\u00eatre comp\u00e9titif. Les nouveaux outils digitaux de formation comme les plateformes de e-learning et les webinaires sont l\u00e0 pour vous accompagner \u00e0 parfaire et \u00e0 mettre vos comp\u00e9tences en. Ceci vous donnera confiance et vous aidera \u00e0 revenir en force sur le march\u00e9.<\/li>\n<\/ul>\n\n\n\n<ul class=\"wp-block-list\">\n<li><strong>Gardez des liens avec le monde du travail :<\/strong>&nbsp;En plus d&#8217;\u00eatre une formidable occasion de d\u00e9velopper votre r\u00e9seau de contacts, le fait de baigner dans des activit\u00e9s professionnelles vous donnera de l&#8217;exp\u00e9rience pertinente et r\u00e9cente \u00e0 ins\u00e9rer dans votre CV. Faites du b\u00e9n\u00e9volat, devenez membre d&#8217;une organisation professionnelle, assistez \u00e0 des conf\u00e9rences\u2026<\/li>\n<\/ul>\n\n\n\n<h2 class=\"wp-block-heading\"><strong>En r\u00e9digeant votre CV<\/strong><\/h2>\n\n\n\n<ul class=\"wp-block-list\">\n<li><strong>Choisissez un format attractif :<\/strong>&nbsp;Beaucoup de gens qui retournent sur le march\u00e9 du travail supposent qu&#8217;il leur faut un CV fonctionnel pour dissimuler la p\u00e9riode sans emploi. Mais soyez prudent par rapport \u00e0 ce type de CV car les recruteurs pourraient penser qu&#8217;effectivement vous tentez de cacher quelque chose. Peut-\u00eatre qu&#8217;un CV mixte vous conviendrait mieux, celui-ci \u00e9tant un CV par ordre chronologique mais qui commence par un Sommaire de vos comp\u00e9tences. Le sommaire met l&#8217;accent sur vos qualifications les plus pertinentes pour que les recruteurs puissent les voir en premier.<\/li>\n<\/ul>\n\n\n\n<ul class=\"wp-block-list\">\n<li><strong>Faites ressortir le positif<\/strong>&nbsp;: Le premier tiers de la page est la partie la plus importante de votre C.V. alors vous devriez y inclure vos comp\u00e9tences et exp\u00e9riences qui attirent le plus. Si vous vous inqui\u00e9tez \u00e0 propos de la p\u00e9riode \u00abinactive\u00bb, trouvez des fa\u00e7ons cr\u00e9atives de la camoufler&nbsp;:<br>La formation continue, le b\u00e9n\u00e9volat, le d\u00e9veloppement professionnel et le fait d&#8217;avoir suivi des cours ou des conf\u00e9rences en ligne sont toutes des fa\u00e7ons valables d&#8217;utiliser votre temps pendant un retrait du march\u00e9 de l&#8217;emploi. Essayez de montrer le lien entre votre exp\u00e9rience et votre objectif de carri\u00e8re. Persuadez les employeurs que vous avez encore ce qu&#8217;il faut pour contribuer \u00e0 des objectifs ambitieux malgr\u00e9 votre absence du march\u00e9 du travail.&nbsp;!<\/li>\n<\/ul>\n\n\n\n<h2 class=\"wp-block-heading\"><strong>Votre lettre de motivation<\/strong><\/h2>\n\n\n\n<ul class=\"wp-block-list\">\n<li><strong>Ne portez pas attention aux dates :&nbsp;<\/strong>Essayez de ne pas mettre l&#8217;emphase sur les dates en r\u00e9digeant votre C.V. \u00c9vitez de mettre des espaces blancs autour des dates, ceci attire l&#8217;attention du lecteur. Mettez-les plut\u00f4t entre parenth\u00e8ses \u00e0 c\u00f4t\u00e9 des titres des emplois que vous avez occup\u00e9s<\/li>\n<\/ul>\n\n\n\n<p>Rappelez-vous, vous devrez travailler plus fort pour votre recherche d&#8217;emploi, comparativement \u00e0 vos pairs qui poss\u00e8dent une exp\u00e9rience de travail r\u00e9cente. Ayez l&#8217;esprit ouvert et une attitude positive. Vous devrez peut-\u00eatre accepter une diminution de salaire ou un poste de niveau inf\u00e9rieur \u00e0 celui que vous aviez avant de quitter.<\/p>\n\n\n\n<p><strong>Yasmine Hadj Ahmed,<\/strong><br><strong>Responsable Communication \u00e0 Emploitic<\/strong>.<\/p>\n","protected":false},"excerpt":{"rendered":"<p>Une longue p\u00e9riode d\u2019inactivit\u00e9 affecte sensiblement une carri\u00e8re. Toutefois, le retour \u00e0 l\u2019emploi se pr\u00e9pare. Vous pouvez revenir sur le march\u00e9 du travail muni d&#8217;un CV efficace et d&#8217;un plan pour votre recherche d&#8217;emploi. Pour cela, voici&nbsp;quelques&nbsp;conseils&nbsp;: Avant de r\u00e9diger votre CV En r\u00e9digeant votre CV Votre lettre de motivation Rappelez-vous, vous devrez travailler plus [&hellip;]<\/p>\n","protected":false},"author":7,"featured_media":3139,"comment_status":"open","ping_status":"open","sticky":false,"template":"","format":"standard","meta":{"om_disable_all_campaigns":false,"_monsterinsights_skip_tracking":false,"_monsterinsights_sitenote_active":false,"_monsterinsights_sitenote_note":"","_monsterinsights_sitenote_category":0,"_themeisle_gutenberg_block_has_review":false,"footnotes":""},"categories":[2],"tags":[],"class_list":["post-410","post","type-post","status-publish","format-standard","has-post-thumbnail","hentry","category-gerer-sa-carriere"],"aioseo_notices":[],"_links":{"self":[{"href":"https:\/\/blog.emploitic.com\/index.php\/wp-json\/wp\/v2\/posts\/410","targetHints":{"allow":["GET"]}}],"collection":[{"href":"https:\/\/blog.emploitic.com\/index.php\/wp-json\/wp\/v2\/posts"}],"about":[{"href":"https:\/\/blog.emploitic.com\/index.php\/wp-json\/wp\/v2\/types\/post"}],"author":[{"embeddable":true,"href":"https:\/\/blog.emploitic.com\/index.php\/wp-json\/wp\/v2\/users\/7"}],"replies":[{"embeddable":true,"href":"https:\/\/blog.emploitic.com\/index.php\/wp-json\/wp\/v2\/comments?post=410"}],"version-history":[{"count":2,"href":"https:\/\/blog.emploitic.com\/index.php\/wp-json\/wp\/v2\/posts\/410\/revisions"}],"predecessor-version":[{"id":3426,"href":"https:\/\/blog.emploitic.com\/index.php\/wp-json\/wp\/v2\/posts\/410\/revisions\/3426"}],"wp:featuredmedia":[{"embeddable":true,"href":"https:\/\/blog.emploitic.com\/index.php\/wp-json\/wp\/v2\/media\/3139"}],"wp:attachment":[{"href":"https:\/\/blog.emploitic.com\/index.php\/wp-json\/wp\/v2\/media?parent=410"}],"wp:term":[{"taxonomy":"category","embeddable":true,"href":"https:\/\/blog.emploitic.com\/index.php\/wp-json\/wp\/v2\/categories?post=410"},{"taxonomy":"post_tag","embeddable":true,"href":"https:\/\/blog.emploitic.com\/index.php\/wp-json\/wp\/v2\/tags?post=410"}],"curies":[{"name":"wp","href":"https:\/\/api.w.org\/{rel}","templated":true}]}}