{"id":4112,"date":"2023-11-28T15:51:31","date_gmt":"2023-11-28T14:51:31","guid":{"rendered":"https:\/\/blog.emploitic.com\/?p=4112"},"modified":"2023-12-07T14:31:32","modified_gmt":"2023-12-07T13:31:32","slug":"retour-sur-la-6eme-edition-du-talent-day","status":"publish","type":"post","link":"https:\/\/blog.emploitic.com\/index.php\/retour-sur-la-6eme-edition-du-talent-day\/","title":{"rendered":"Retour sur la 6\u00e8me \u00e9dition du Talent Day"},"content":{"rendered":"\n<p><strong>Dans la continuit\u00e9 de ses rencontres visant \u00e0 contribuer au d\u00e9veloppement des entreprises et leurs collaborateurs, Emploitic a organis\u00e9, hier \u00e0 Alger, l\u2019\u00e9v\u00e9nement r\u00e9f\u00e9rence des Ressources Humaines et du Management en Alg\u00e9rie, <\/strong><strong><br><\/strong><strong>le Talent Day.&nbsp;<\/strong><\/p>\n\n\n\n<p>Plus de 500 entreprises \u00e0 travers le territoire national ont r\u00e9pondu pr\u00e9sentes \u00e0 cette rencontre annuelle incontournable des professionnels du secteur. Cet \u00e9v\u00e9nement a connu le soutien de diff\u00e9rentes entreprises priv\u00e9es et nationales, telles que: Soci\u00e9t\u00e9 G\u00e9n\u00e9rale Alg\u00e9rie, Djezzy, Henkel, BNP Paribas El Djazair, la CAAT, Cevital, BAT,  la SAA, le Sheraton et la Sonatrach.<\/p>\n\n\n\n<figure class=\"wp-block-image size-large\"><img fetchpriority=\"high\" decoding=\"async\" width=\"1024\" height=\"683\" src=\"https:\/\/blog.emploitic.com\/wp-content\/uploads\/2023\/11\/MG_1503-1-1024x683.jpg\" alt=\"\" class=\"wp-image-4129\" srcset=\"https:\/\/blog.emploitic.com\/wp-content\/uploads\/2023\/11\/MG_1503-1-1024x683.jpg 1024w, https:\/\/blog.emploitic.com\/wp-content\/uploads\/2023\/11\/MG_1503-1-300x200.jpg 300w, https:\/\/blog.emploitic.com\/wp-content\/uploads\/2023\/11\/MG_1503-1-768x512.jpg 768w, https:\/\/blog.emploitic.com\/wp-content\/uploads\/2023\/11\/MG_1503-1-1536x1024.jpg 1536w, https:\/\/blog.emploitic.com\/wp-content\/uploads\/2023\/11\/MG_1503-1-2048x1365.jpg 2048w, https:\/\/blog.emploitic.com\/wp-content\/uploads\/2023\/11\/MG_1503-1-390x260.jpg 390w, https:\/\/blog.emploitic.com\/wp-content\/uploads\/2023\/11\/MG_1503-1-285x190.jpg 285w\" sizes=\"(max-width: 1024px) 100vw, 1024px\" \/><\/figure>\n\n\n\n<p>Avec pour objectif d\u2019inspirer les pratiques du Management des Talents de demain , cette journ\u00e9e de conf\u00e9rences et de d\u00e9bats a mis en avant les principales questions et pr\u00e9occupations des chefs d\u2019entreprises et des Professionnels des Ressources Humaines en mati\u00e8re d\u2019emploi, de recrutement, de formation et de d\u00e9veloppement, o\u00f9 le futur du travail et la mise en avant du capital humain prennent une place primordiale .<\/p>\n\n\n\n<p>Quatre Talks inspirants ont abord\u00e9 des th\u00e9matiques strat\u00e9giques pour l\u2019Alg\u00e9rie et le monde , avec l\u2019intervention d\u2019experts et de sp\u00e9cialistes d\u2019envergure internationale .<\/p>\n\n\n\n<p>Dans leur allocution d\u2019ouverture, <strong>M. Louai Djaffer <\/strong>et <strong> M. Tarik Metnan<\/strong>i, tous deux\u00a0 Co Fondateurs d\u2019Emploitic exposent les chiffres d\u2019une enqu\u00eate men\u00e9e aupr\u00e8s de <strong>470 entreprises sur les Tendances RH 2024<\/strong> , ainsi que les indicateurs cl\u00e9s du march\u00e9 de l\u2019emploi en pr\u00e9vision de l\u2019ann\u00e9e 2024 \u201cLes pr\u00e9visions de recrutement sont positives pour 2024, <strong>54% des r\u00e9pondants pr\u00e9voient une augmentation des effectifs,<\/strong> ce chiffre apportera de la dynamique et de la mobilit\u00e9 au march\u00e9. <br><\/p>\n\n\n\n<p class=\"ticss-363a480f has-normal-font-size\"><strong><em><a href=\"https:\/\/blog.emploitic.com\/index.php\/enquete-tendances-rh-2024-priorites-et-defis-dans-lere-de-la-digitalisation\/\" target=\"_blank\" rel=\"noopener\" title=\"\">D\u00e9couvrez les r\u00e9sultats de cette \u00e9tude<\/a><\/em><\/strong><\/p>\n\n\n\n<figure class=\"wp-block-image size-large\"><img decoding=\"async\" width=\"1024\" height=\"683\" src=\"https:\/\/blog.emploitic.com\/wp-content\/uploads\/2023\/11\/DSC7141-2-1024x683.jpg\" alt=\"\" class=\"wp-image-4108\" srcset=\"https:\/\/blog.emploitic.com\/wp-content\/uploads\/2023\/11\/DSC7141-2-1024x683.jpg 1024w, https:\/\/blog.emploitic.com\/wp-content\/uploads\/2023\/11\/DSC7141-2-300x200.jpg 300w, https:\/\/blog.emploitic.com\/wp-content\/uploads\/2023\/11\/DSC7141-2-768x513.jpg 768w, https:\/\/blog.emploitic.com\/wp-content\/uploads\/2023\/11\/DSC7141-2-1536x1025.jpg 1536w, https:\/\/blog.emploitic.com\/wp-content\/uploads\/2023\/11\/DSC7141-2-2048x1367.jpg 2048w, https:\/\/blog.emploitic.com\/wp-content\/uploads\/2023\/11\/DSC7141-2-390x260.jpg 390w, https:\/\/blog.emploitic.com\/wp-content\/uploads\/2023\/11\/DSC7141-2-285x190.jpg 285w\" sizes=\"(max-width: 1024px) 100vw, 1024px\" \/><\/figure>\n\n\n\n<p class=\"has-huge-font-size\"><strong>Les temps forts du Talent Day 2023 :&nbsp;<\/strong><\/p>\n\n\n\n<p class=\"has-large-font-size\"><strong>&#8220;Leadership humain \u00e0 l&#8217;\u00e8re de l&#8217;IA : Red\u00e9finir le management dans le monde num\u00e9rique&#8221;<\/strong><\/p>\n\n\n\n<p>Cette conf\u00e9rence, anim\u00e9e par David Guillocheau, Fondateur de ZestmeUP explique comment l&#8217;intelligence artificielle et la digitalisation transforment la mani\u00e8re dont les entreprises comprennent et pratiquent le leadership. Il met en avant l&#8217;importance continue de l&#8217;aspect humain dans un monde de plus en plus num\u00e9rique.<\/p>\n\n\n\n<p class=\"has-large-font-size\"><strong>\u201cFuture of Work : Perspectives et Challenges\u201d&nbsp;<\/strong><\/p>\n\n\n\n<p>Les pan\u00e9listes de diff\u00e9rents horizons, et de diff\u00e9rents types d\u2019entreprises entre publiques et priv\u00e9es , ont d\u00e9battu des perspectives et des d\u00e9fis li\u00e9s \u00e0 l&#8217;\u00e9volution constante du monde du travail. Des leaders du secteur des assurances, des t\u00e9l\u00e9coms et de l\u2019industrie comme la CAAT, Djezzy et BAT ont partag\u00e9 leurs visions sur la mani\u00e8re dont les organisations doivent s&#8217;adapter pour prosp\u00e9rer dans cet environnement en mutation.&nbsp;<\/p>\n\n\n\n<p class=\"has-large-font-size\"><strong>&#8220;La RSE, levier d&#8217;attraction et de fid\u00e9lisation des talents ?&#8221;<\/strong><\/p>\n\n\n\n<p>Ce panel a explor\u00e9 le r\u00f4le central que joue la Responsabilit\u00e9 Soci\u00e9tale des Entreprises (RSE) dans l&#8217;attraction et la fid\u00e9lisation des talents. Les experts ont discut\u00e9 de la mani\u00e8re dont une approche responsable peut renforcer la r\u00e9putation et l&#8217;impact social d&#8217;une entreprise.<\/p>\n\n\n\n<p class=\"has-large-font-size\"><strong>&#8220;Les neurosciences au service de la fonction RH&#8221;<\/strong><\/p>\n\n\n\n<p>A travers cette conf\u00e9rence, Nour Bouakline, CEO a mis en avant comment les avanc\u00e9es en neurosciences peuvent \u00eatre appliqu\u00e9es \u00e0 la gestion des ressources humaines pour am\u00e9liorer la prise de d\u00e9cision, la productivit\u00e9 et le bien-\u00eatre des collaborateurs.<\/p>\n\n\n\n<p class=\"has-large-font-size\"><strong>&#8220;L&#8217;Exp\u00e9rience Candidat\/Collaborateur au C\u0153ur de la Culture d&#8217;Entreprise&#8221;<\/strong><\/p>\n\n\n\n<p>Cette session mettra en avant la notion d&#8217;exp\u00e9rience candidat\/collaborateur en tant que pierre angulaire de la culture d&#8217;entreprise. Les orateurs ont expos\u00e9 les diff\u00e9rentes mani\u00e8res de cr\u00e9er des environnements propices \u00e0 l&#8217;engagement, \u00e0 l&#8217;\u00e9panouissement et \u00e0 la fid\u00e9lisation au sein de l&#8217;organisation.<\/p>\n\n\n\n<p class=\"has-large-font-size\"><strong>Success Story : Djmawi Africa ou L&#8217;Art du Management Harmonieux<\/strong><\/p>\n\n\n\n<p>Comme ce groupe musical, les entreprises peuvent apprendre que la diversit\u00e9, la communication et l&#8217;expression individuelle sont essentielles pour atteindre un objectif commun. Djmawi Africa rappelle l&#8217;importance de la cr\u00e9ativit\u00e9, de l&#8217;innovation, de l\u2019esprit d\u2019\u00e9quipe et de l&#8217;\u00e9panouissement des collaborateurs, des aspects cl\u00e9s pour une r\u00e9ussite collective. Cet exemple montre comment le management peut s&#8217;inspirer d&#8217;horizons vari\u00e9s pour cr\u00e9er une \u00e9quipe harmonieuse et performante.<\/p>\n\n\n\n<p>Talent Day reste l&#8217;\u00e9v\u00e9nement de r\u00e9f\u00e9rence pour les acteurs des RH et du management soucieux de rester \u00e0 la pointe des derni\u00e8res tendances et d&#8217;\u00e9changer sur les meilleures pratiques, pour r\u00e9pondre aux d\u00e9fis contemporains du monde du travail.<\/p>\n","protected":false},"excerpt":{"rendered":"<p>Dans la continuit\u00e9 de ses rencontres visant \u00e0 contribuer au d\u00e9veloppement des entreprises et leurs collaborateurs, Emploitic a organis\u00e9, hier \u00e0 Alger, l\u2019\u00e9v\u00e9nement r\u00e9f\u00e9rence des Ressources Humaines et du Management en Alg\u00e9rie, le Talent Day.&nbsp; Plus de 500 entreprises \u00e0 travers le territoire national ont r\u00e9pondu pr\u00e9sentes \u00e0 cette rencontre annuelle incontournable des professionnels du [&hellip;]<\/p>\n","protected":false},"author":7,"featured_media":4131,"comment_status":"closed","ping_status":"closed","sticky":false,"template":"","format":"standard","meta":{"om_disable_all_campaigns":false,"_monsterinsights_skip_tracking":false,"_monsterinsights_sitenote_active":false,"_monsterinsights_sitenote_note":"","_monsterinsights_sitenote_category":0,"_themeisle_gutenberg_block_has_review":false,"footnotes":""},"categories":[3],"tags":[],"class_list":["post-4112","post","type-post","status-publish","format-standard","has-post-thumbnail","hentry","category-actualite-news"],"aioseo_notices":[],"_links":{"self":[{"href":"https:\/\/blog.emploitic.com\/index.php\/wp-json\/wp\/v2\/posts\/4112","targetHints":{"allow":["GET"]}}],"collection":[{"href":"https:\/\/blog.emploitic.com\/index.php\/wp-json\/wp\/v2\/posts"}],"about":[{"href":"https:\/\/blog.emploitic.com\/index.php\/wp-json\/wp\/v2\/types\/post"}],"author":[{"embeddable":true,"href":"https:\/\/blog.emploitic.com\/index.php\/wp-json\/wp\/v2\/users\/7"}],"replies":[{"embeddable":true,"href":"https:\/\/blog.emploitic.com\/index.php\/wp-json\/wp\/v2\/comments?post=4112"}],"version-history":[{"count":8,"href":"https:\/\/blog.emploitic.com\/index.php\/wp-json\/wp\/v2\/posts\/4112\/revisions"}],"predecessor-version":[{"id":4136,"href":"https:\/\/blog.emploitic.com\/index.php\/wp-json\/wp\/v2\/posts\/4112\/revisions\/4136"}],"wp:featuredmedia":[{"embeddable":true,"href":"https:\/\/blog.emploitic.com\/index.php\/wp-json\/wp\/v2\/media\/4131"}],"wp:attachment":[{"href":"https:\/\/blog.emploitic.com\/index.php\/wp-json\/wp\/v2\/media?parent=4112"}],"wp:term":[{"taxonomy":"category","embeddable":true,"href":"https:\/\/blog.emploitic.com\/index.php\/wp-json\/wp\/v2\/categories?post=4112"},{"taxonomy":"post_tag","embeddable":true,"href":"https:\/\/blog.emploitic.com\/index.php\/wp-json\/wp\/v2\/tags?post=4112"}],"curies":[{"name":"wp","href":"https:\/\/api.w.org\/{rel}","templated":true}]}}