{"id":426,"date":"2022-01-19T12:13:29","date_gmt":"2022-01-19T11:13:29","guid":{"rendered":"https:\/\/blog.emploitic.com\/?p=426"},"modified":"2023-04-04T13:11:04","modified_gmt":"2023-04-04T11:11:04","slug":"comment-reussir-sa-reprise-au-travail-apres-le-confinement","status":"publish","type":"post","link":"https:\/\/blog.emploitic.com\/index.php\/comment-reussir-sa-reprise-au-travail-apres-le-confinement\/","title":{"rendered":"Comment r\u00e9ussir sa reprise au travail apr\u00e8s le confinement ?"},"content":{"rendered":"\n<p>Reprendre apr\u00e8s un cong\u00e9, c\u2019est d\u00e9j\u00e0 difficile&nbsp;! Mais&nbsp;<strong>retrouver le rythme du bureau&nbsp;<\/strong>apr\u00e8s plusieurs mois de&nbsp;<strong>confinement<\/strong>, c\u2019est une toute autre histoire&nbsp;! M\u00eame si la plupart de nous ont h\u00e2te de renouer avec leur quotidien, le stress et l\u2019angoisse de la reprise sont in\u00e9vitables&nbsp;! Comment assurer en douceur cette transition&nbsp;? Comment attaquer du bon pied sa premi\u00e8re semaine&nbsp;post-confinement&nbsp;? Comment s\u2019organiser&nbsp;? Suivez par ici nos conseils&nbsp;:<\/p>\n\n\n\n<h2 class=\"wp-block-heading\"><strong>Pr\u00e9parez sereinement votre retour au bureau<\/strong><\/h2>\n\n\n\n<p>Comme pour un \u00e9colier, le dernier jour avant la reprise doit \u00eatre synonyme d\u2019amusement et de d\u00e9tente, mais surtout de remise dans le bain&nbsp;! T\u00e2chez donc de faire le plein d\u2019<strong>ondes positives,<\/strong>&nbsp;mais surtout de bien planifier votre journ\u00e9e de demain&nbsp;: pr\u00e9parez votre&nbsp;<strong>n\u00e9cessaire anti-covid,<\/strong>&nbsp;mettez une sonnerie de r\u00e9veil qui vous donne la patate, et r\u00e9glez-le plus t\u00f4t que d\u2019habitude, pour avoir le temps de fl\u00e2ner un peu dans la maison avant le d\u00e9part.<\/p>\n\n\n\n<h2 class=\"wp-block-heading\"><strong>R\u00e9organisez votre espace de travail<\/strong><\/h2>\n\n\n\n<p>Apr\u00e8s le traditionnel coucou \u00e0 ses coll\u00e8gues (en respectant les gestes barri\u00e8re hein&nbsp;!),<strong>&nbsp;r\u00e9appropriez-vous votre espace de travail<\/strong>. Si vous ne l\u2019avez pas fait avant de partir en vacances : faites le vide,&nbsp;<strong>triez<\/strong>, enlevez la montagne de post-it et papiers qui traine\u2026Un brin de m\u00e9nage, une nouvelle plante\u2026 tout pour vous r\u00e9approprier votre espace et le rendre plus chaleureux.<br>Parlons maintenant de notre espace \u00ab&nbsp;virtuel&nbsp;\u00bb de travail&nbsp;: les mails&nbsp;!<\/p>\n\n\n\n<h2 class=\"wp-block-heading\"><strong>Faites le m\u00e9nage (m\u00e9thodiquement) dans vos mails<\/strong><\/h2>\n\n\n\n<p>Pour traiter votre bo\u00eete mail, ne passez surtout pas en revue chaque mail, message par message.\u00a0<strong>Faites une rapide v\u00e9rification\u00a0<\/strong>par exp\u00e9diteur, et lisez en premier les messages des exp\u00e9diteurs prioritaires pour vous (ex. : votre boss ou N+2, un client ou partenaire important\u2026) Ensuite, triez les autres messages ainsi\u00a0: les plus r\u00e9cents, les derniers non lus et par les sujets importants ou urgents. N\u2019oubliez pas que la notion d\u2019urgence est toute relative et gardez votre hauteur de vue.<\/p>\n\n\n<div class=\"wp-block-image\">\n<figure class=\"aligncenter is-resized\"><img fetchpriority=\"high\" decoding=\"async\" src=\"https:\/\/www.emploitic.com\/images\/covid1.jpg\" alt=\"\" width=\"529\" height=\"212\"\/><\/figure><\/div>\n\n\n<h2 class=\"wp-block-heading\"><strong>Ne vous mettez pas dans le bain, plongez\u00a0!<\/strong><\/h2>\n\n\n\n<p>A un moment donn\u00e9 de votre premi\u00e8re semaine, un&nbsp;<strong>d\u00e9clic<\/strong>&nbsp;doit avoir lieu. Une petite voix va vous dire \u00ab allez maintenant faut se mettre au boulot \u00bb. Apr\u00e8s tout, les vacances servent \u00e0 se reposer pour r\u00e9cup\u00e9rer et revenir plein d\u2019\u00e9nergie et de nouvelles id\u00e9es<\/p>\n\n\n\n<p><strong>Comment&nbsp;?<\/strong>&nbsp;En red\u00e9finissant clairement vos&nbsp;<strong>objectifs<\/strong>&nbsp;selon vos besoins et ressources. Le petit&nbsp;<strong>brief&nbsp;<\/strong>avec toute l\u2019\u00e9quipe vous sera salvateur&nbsp;! Pour combattre la pression face \u00e0 la montagne de t\u00e2ches qui arrive, soyez proactif&nbsp;:<\/p>\n\n\n\n<p><strong>&#8211;&nbsp;<\/strong><strong>Bloquez<\/strong>&nbsp;d\u00e8s maintenant les dates importantes<br><strong>&#8211; \u00c9valuez<\/strong>&nbsp;aussi votre syst\u00e8me d\u2019organisation et de travail : agenda, mail, sources de stress, pertes de temps\u2026<br>&#8211; Restez&nbsp;<strong>centr\u00e9 sur vos objectifs<\/strong><\/p>\n\n\n\n<h2 class=\"wp-block-heading\"><strong>Veillez \u00e0 garder votre \u00e9quilibre<\/strong><\/h2>\n\n\n\n<p>Pas facile vu&nbsp;<strong>l\u2019impact de la COVID-19 sur les rapports humains,<\/strong>&nbsp;sur les modes de travail, sur le sens au travail, le Coronavirus aura aussi un impact non-n\u00e9gligeable sur l\u2019exercice du travail apr\u00e8s le d\u00e9confinement. Veillez donc \u00e0 ne pas n\u00e9gliger votre vie personnelle et \u00e0 profiter des petits plaisirs de la vie, pour \u00eatre tout le temps boost\u00e9<\/p>\n\n\n\n<p>\u00c7a y est, vous \u00eates sur une dynamique de winner&nbsp;! N\u2019oubliez pas : \u00ab petit pas par petit pas \u00bb, vous vous rapprocherez vite de vos objectifs sans m\u00eame vous en rendre compte vous.<\/p>\n\n\n\n<p><strong>Yasmine Hadj-Ahmed,<\/strong><br><strong>Responsable Communication \u00e0 Emploitic.<\/strong><\/p>\n","protected":false},"excerpt":{"rendered":"<p>Reprendre apr\u00e8s un cong\u00e9, c\u2019est d\u00e9j\u00e0 difficile&nbsp;! Mais&nbsp;retrouver le rythme du bureau&nbsp;apr\u00e8s plusieurs mois de&nbsp;confinement, c\u2019est une toute autre histoire&nbsp;! M\u00eame si la plupart de nous ont h\u00e2te de renouer avec leur quotidien, le stress et l\u2019angoisse de la reprise sont in\u00e9vitables&nbsp;! Comment assurer en douceur cette transition&nbsp;? Comment attaquer du bon pied sa premi\u00e8re [&hellip;]<\/p>\n","protected":false},"author":7,"featured_media":3414,"comment_status":"open","ping_status":"open","sticky":false,"template":"","format":"standard","meta":{"om_disable_all_campaigns":false,"_monsterinsights_skip_tracking":false,"_monsterinsights_sitenote_active":false,"_monsterinsights_sitenote_note":"","_monsterinsights_sitenote_category":0,"_themeisle_gutenberg_block_has_review":false,"footnotes":""},"categories":[2],"tags":[],"class_list":["post-426","post","type-post","status-publish","format-standard","has-post-thumbnail","hentry","category-gerer-sa-carriere"],"aioseo_notices":[],"_links":{"self":[{"href":"https:\/\/blog.emploitic.com\/index.php\/wp-json\/wp\/v2\/posts\/426","targetHints":{"allow":["GET"]}}],"collection":[{"href":"https:\/\/blog.emploitic.com\/index.php\/wp-json\/wp\/v2\/posts"}],"about":[{"href":"https:\/\/blog.emploitic.com\/index.php\/wp-json\/wp\/v2\/types\/post"}],"author":[{"embeddable":true,"href":"https:\/\/blog.emploitic.com\/index.php\/wp-json\/wp\/v2\/users\/7"}],"replies":[{"embeddable":true,"href":"https:\/\/blog.emploitic.com\/index.php\/wp-json\/wp\/v2\/comments?post=426"}],"version-history":[{"count":2,"href":"https:\/\/blog.emploitic.com\/index.php\/wp-json\/wp\/v2\/posts\/426\/revisions"}],"predecessor-version":[{"id":3415,"href":"https:\/\/blog.emploitic.com\/index.php\/wp-json\/wp\/v2\/posts\/426\/revisions\/3415"}],"wp:featuredmedia":[{"embeddable":true,"href":"https:\/\/blog.emploitic.com\/index.php\/wp-json\/wp\/v2\/media\/3414"}],"wp:attachment":[{"href":"https:\/\/blog.emploitic.com\/index.php\/wp-json\/wp\/v2\/media?parent=426"}],"wp:term":[{"taxonomy":"category","embeddable":true,"href":"https:\/\/blog.emploitic.com\/index.php\/wp-json\/wp\/v2\/categories?post=426"},{"taxonomy":"post_tag","embeddable":true,"href":"https:\/\/blog.emploitic.com\/index.php\/wp-json\/wp\/v2\/tags?post=426"}],"curies":[{"name":"wp","href":"https:\/\/api.w.org\/{rel}","templated":true}]}}