{"id":4296,"date":"2024-04-21T14:13:14","date_gmt":"2024-04-21T12:13:14","guid":{"rendered":"https:\/\/blog.emploitic.com\/?p=4296"},"modified":"2024-04-25T15:17:16","modified_gmt":"2024-04-25T13:17:16","slug":"pourquoi-est-il-important-de-maintenir-son-cv-a-jour-et-comment-le-faire-efficacement","status":"publish","type":"post","link":"https:\/\/blog.emploitic.com\/index.php\/pourquoi-est-il-important-de-maintenir-son-cv-a-jour-et-comment-le-faire-efficacement\/","title":{"rendered":"Pourquoi est-il important de maintenir son CV \u00e0 jour et comment le faire efficacement ?"},"content":{"rendered":"<p><span style=\"font-weight: 400;\">Il est essentiel de reconna\u00eetre l&#8217;importance de maintenir son CV \u00e0 jour, m\u00eame lorsque l&#8217;on n&#8217;est pas activement en recherche d&#8217;emploi. Pourquoi cette attention constante est-elle si cruciale, alors que beaucoup de personnes ont tendance \u00e0 reporter cette t\u00e2che \u00e0 la derni\u00e8re minute ou \u00e0 ne la consid\u00e9rer que lorsqu&#8217;une opportunit\u00e9 se pr\u00e9sente ?\u00a0<\/span><\/p>\n<p><b>Pourquoi maintenir son CV \u00e0 jour ?\u00a0<\/b><\/p>\n<p><b>R\u00e9activit\u00e9 aux Opportunit\u00e9s :<\/b><span style=\"font-weight: 400;\"> L&#8217;un des principaux avantages de maintenir son CV \u00e0 jour est d&#8217;\u00eatre pr\u00eat \u00e0 saisir rapidement toute opportunit\u00e9 qui se pr\u00e9sente. Les occasions professionnelles peuvent surgir \u00e0 tout moment, et avoir un CV \u00e0 jour nous permet d&#8217;y r\u00e9pondre imm\u00e9diatement sans perdre de temps \u00e0 le mettre \u00e0 jour.<\/span><\/p>\n<p><b>Professionnalisme et Cr\u00e9dibilit\u00e9 :<\/b><span style=\"font-weight: 400;\"> Un CV actualis\u00e9 renforce notre image de professionnalisme et de s\u00e9rieux vis-\u00e0-vis des recruteurs. Cela d\u00e9montre notre engagement envers notre carri\u00e8re et notre volont\u00e9 de rester au fait des \u00e9volutions de notre domaine.\u00a0<\/span><\/p>\n<p><b>Facilit\u00e9 de Transition :<\/b><span style=\"font-weight: 400;\"> En cas de changement d&#8217;emploi ou de r\u00e9orientation professionnelle, un CV \u00e0 jour facilite la transition vers de nouveaux horizons. Il nous permet de pr\u00e9senter notre parcours de mani\u00e8re claire et concise, aidant ainsi les recruteurs \u00e0 comprendre rapidement notre profil.\u00a0<\/span><\/p>\n<p><b>R\u00e9flexion sur sa Carri\u00e8re : <\/b><span style=\"font-weight: 400;\">Mettre \u00e0 jour son CV r\u00e9guli\u00e8rement nous offre l&#8217;occasion de r\u00e9fl\u00e9chir \u00e0 notre parcours professionnel, \u00e0 nos r\u00e9alisations et \u00e0 nos objectifs futurs. Cela nous permet de prendre du recul et d&#8217;\u00e9valuer notre progression, ainsi que d&#8217;identifier les domaines dans lesquels nous pourrions nous am\u00e9liorer.<\/span><\/p>\n<p><b>Comment maintenir son CV \u00e0 jour ?<\/b><\/p>\n<p><span style=\"font-weight: 400;\">Maintenir son CV \u00e0 jour ne se limite pas \u00e0 simplement ajouter de nouvelles exp\u00e9riences ou comp\u00e9tences. Cela implique \u00e9galement de prendre du recul et de r\u00e9fl\u00e9chir \u00e0 la mani\u00e8re dont nous pr\u00e9sentons notre parcours professionnel. Voici quelques conseils pratiques pour maintenir son CV \u00e0 jour de mani\u00e8re efficace :\u00a0<\/span><\/p>\n<p><b>Garder une Version Dynamique :<\/b><span style=\"font-weight: 400;\"> Plut\u00f4t que de laisser son CV devenir obsol\u00e8te, il est essentiel de le garder dynamique en y ajoutant r\u00e9guli\u00e8rement de nouvelles exp\u00e9riences, formations ou comp\u00e9tences pertinentes.\u00a0<\/span><\/p>\n<p><b>Documenter ses r\u00e9alisations :<\/b><span style=\"font-weight: 400;\"> Prendre l&#8217;habitude de documenter ses r\u00e9alisations au fur et \u00e0 mesure qu&#8217;elles surviennent. Cela permettra de mettre en valeur ses succ\u00e8s et sa valeur ajout\u00e9e lors de la recherche d&#8217;emploi.\u00a0<\/span><\/p>\n<p><b>Rester Inform\u00e9 des Tendances du March\u00e9 :<\/b><span style=\"font-weight: 400;\"> Garder un \u0153il sur les \u00e9volutions de son secteur d&#8217;activit\u00e9 et sur les comp\u00e9tences et qualifications recherch\u00e9es par les employeurs. S\u2019assurer que son CV refl\u00e8te ces tendances actuelles.\u00a0<\/span><\/p>\n<p><b>Personnaliser pour Chaque Opportunit\u00e9 :<\/b><span style=\"font-weight: 400;\"> Adapter son CV en fonction des postes auxquels postuler. Mettre en avant les comp\u00e9tences et les exp\u00e9riences les plus pertinentes pour chaque emploi afin de maximiser ses chances de succ\u00e8s.\u00a0<\/span><\/p>\n<p><span style=\"font-weight: 400;\">En conclusion, maintenir son CV \u00e0 jour est essentiel pour rester comp\u00e9titif sur le march\u00e9 du travail et saisir les opportunit\u00e9s professionnelles qui se pr\u00e9sentent. En suivant ces conseils simples mais efficaces, tu pourras garantir que ton CV reste un reflet pr\u00e9cis et convaincant de ton parcours professionnel.<\/span><\/p>\n<p>Equipe Emploitic.<\/p>\n","protected":false},"excerpt":{"rendered":"<p>Il est essentiel de reconna\u00eetre l&#8217;importance de maintenir son CV \u00e0 jour, m\u00eame lorsque l&#8217;on n&#8217;est pas activement en recherche d&#8217;emploi. Pourquoi cette attention constante est-elle si cruciale, alors que beaucoup de personnes ont tendance \u00e0 reporter cette t\u00e2che \u00e0 la derni\u00e8re minute ou \u00e0 ne la consid\u00e9rer que lorsqu&#8217;une opportunit\u00e9 se pr\u00e9sente ?\u00a0 Pourquoi [&hellip;]<\/p>\n","protected":false},"author":28,"featured_media":4297,"comment_status":"closed","ping_status":"closed","sticky":false,"template":"","format":"standard","meta":{"om_disable_all_campaigns":false,"_monsterinsights_skip_tracking":false,"_monsterinsights_sitenote_active":false,"_monsterinsights_sitenote_note":"","_monsterinsights_sitenote_category":0,"_themeisle_gutenberg_block_has_review":false,"footnotes":""},"categories":[2],"tags":[],"class_list":["post-4296","post","type-post","status-publish","format-standard","has-post-thumbnail","hentry","category-gerer-sa-carriere"],"aioseo_notices":[],"_links":{"self":[{"href":"https:\/\/blog.emploitic.com\/index.php\/wp-json\/wp\/v2\/posts\/4296","targetHints":{"allow":["GET"]}}],"collection":[{"href":"https:\/\/blog.emploitic.com\/index.php\/wp-json\/wp\/v2\/posts"}],"about":[{"href":"https:\/\/blog.emploitic.com\/index.php\/wp-json\/wp\/v2\/types\/post"}],"author":[{"embeddable":true,"href":"https:\/\/blog.emploitic.com\/index.php\/wp-json\/wp\/v2\/users\/28"}],"replies":[{"embeddable":true,"href":"https:\/\/blog.emploitic.com\/index.php\/wp-json\/wp\/v2\/comments?post=4296"}],"version-history":[{"count":4,"href":"https:\/\/blog.emploitic.com\/index.php\/wp-json\/wp\/v2\/posts\/4296\/revisions"}],"predecessor-version":[{"id":4315,"href":"https:\/\/blog.emploitic.com\/index.php\/wp-json\/wp\/v2\/posts\/4296\/revisions\/4315"}],"wp:featuredmedia":[{"embeddable":true,"href":"https:\/\/blog.emploitic.com\/index.php\/wp-json\/wp\/v2\/media\/4297"}],"wp:attachment":[{"href":"https:\/\/blog.emploitic.com\/index.php\/wp-json\/wp\/v2\/media?parent=4296"}],"wp:term":[{"taxonomy":"category","embeddable":true,"href":"https:\/\/blog.emploitic.com\/index.php\/wp-json\/wp\/v2\/categories?post=4296"},{"taxonomy":"post_tag","embeddable":true,"href":"https:\/\/blog.emploitic.com\/index.php\/wp-json\/wp\/v2\/tags?post=4296"}],"curies":[{"name":"wp","href":"https:\/\/api.w.org\/{rel}","templated":true}]}}