{"id":439,"date":"2022-01-19T12:26:20","date_gmt":"2022-01-19T11:26:20","guid":{"rendered":"https:\/\/blog.emploitic.com\/?p=439"},"modified":"2023-04-04T13:03:13","modified_gmt":"2023-04-04T11:03:13","slug":"planifier-son-depart-en-conge-pour-une-reprise-en-toute-serenite","status":"publish","type":"post","link":"https:\/\/blog.emploitic.com\/index.php\/planifier-son-depart-en-conge-pour-une-reprise-en-toute-serenite\/","title":{"rendered":"Planifier son d\u00e9part en cong\u00e9 pour une reprise en toute s\u00e9r\u00e9nit\u00e9"},"content":{"rendered":"<span class=\"span-reading-time rt-reading-time\" style=\"display: block;\"><span class=\"rt-label rt-prefix\">Temps de lecture\u00a0: <\/span> <span class=\"rt-time\"> 2<\/span> <span class=\"rt-label rt-postfix\">minutes<\/span><\/span>\n<p>Les vacances, c\u2019est le moment d\u2019y penser&nbsp;! M\u00eame si le rythme de travail ralentit durant la p\u00e9riode estivale, il faut s\u2019assurer d\u2019une certaine continuit\u00e9 du business, sans pour autant rester en alerte&nbsp;! Un seul mot afin de se d\u00e9connecter compl\u00e8tement, de faire le plein d\u2019\u00e9nergie et surtout de ne pas surcharger ses coll\u00e8gues durant son cong\u00e9&nbsp;: c\u2019est&nbsp;<strong>PLANIFIER&nbsp;<\/strong>!<\/p>\n\n\n\n<div id=\"ez-toc-container\" class=\"ez-toc-v2_0_85 counter-hierarchy ez-toc-counter ez-toc-light-blue ez-toc-container-direction\">\n<div class=\"ez-toc-title-container\">\n<p class=\"ez-toc-title\" style=\"cursor:inherit\">Sommaire<\/p>\n<span class=\"ez-toc-title-toggle\"><a href=\"#\" class=\"ez-toc-pull-right ez-toc-btn ez-toc-btn-xs ez-toc-btn-default ez-toc-toggle\" aria-label=\"Toggle Table of Content\"><span class=\"ez-toc-js-icon-con\"><span class=\"\"><span class=\"eztoc-hide\" style=\"display:none;\">Toggle<\/span><span class=\"ez-toc-icon-toggle-span\"><svg style=\"fill: #999;color:#999\" xmlns=\"http:\/\/www.w3.org\/2000\/svg\" class=\"list-377408\" width=\"20px\" height=\"20px\" viewBox=\"0 0 24 24\" fill=\"none\"><path d=\"M6 6H4v2h2V6zm14 0H8v2h12V6zM4 11h2v2H4v-2zm16 0H8v2h12v-2zM4 16h2v2H4v-2zm16 0H8v2h12v-2z\" fill=\"currentColor\"><\/path><\/svg><svg style=\"fill: #999;color:#999\" class=\"arrow-unsorted-368013\" xmlns=\"http:\/\/www.w3.org\/2000\/svg\" width=\"10px\" height=\"10px\" viewBox=\"0 0 24 24\" version=\"1.2\" baseProfile=\"tiny\"><path d=\"M18.2 9.3l-6.2-6.3-6.2 6.3c-.2.2-.3.4-.3.7s.1.5.3.7c.2.2.4.3.7.3h11c.3 0 .5-.1.7-.3.2-.2.3-.5.3-.7s-.1-.5-.3-.7zM5.8 14.7l6.2 6.3 6.2-6.3c.2-.2.3-.5.3-.7s-.1-.5-.3-.7c-.2-.2-.4-.3-.7-.3h-11c-.3 0-.5.1-.7.3-.2.2-.3.5-.3.7s.1.5.3.7z\"\/><\/svg><\/span><\/span><\/span><\/a><\/span><\/div>\n<nav><ul class='ez-toc-list ez-toc-list-level-1 ' ><li class='ez-toc-page-1 ez-toc-heading-level-2'><a class=\"ez-toc-link ez-toc-heading-1\" href=\"https:\/\/blog.emploitic.com\/index.php\/planifier-son-depart-en-conge-pour-une-reprise-en-toute-serenite\/#Faites_une_cheklist_des_taches_a_cloturer_avant_votre_depart\" >Faites une cheklist des t\u00e2ches \u00e0 cl\u00f4turer avant votre d\u00e9part<\/a><\/li><li class='ez-toc-page-1 ez-toc-heading-level-2'><a class=\"ez-toc-link ez-toc-heading-2\" href=\"https:\/\/blog.emploitic.com\/index.php\/planifier-son-depart-en-conge-pour-une-reprise-en-toute-serenite\/#Faites_un_point_avec_la_personne_qui_vous_remplacera\" >Faites un point avec la personne qui vous remplacera<\/a><\/li><li class='ez-toc-page-1 ez-toc-heading-level-2'><a class=\"ez-toc-link ez-toc-heading-3\" href=\"https:\/\/blog.emploitic.com\/index.php\/planifier-son-depart-en-conge-pour-une-reprise-en-toute-serenite\/#Organisez_votre_messagerie_Bureau\" >Organisez votre messagerie &amp; Bureau<\/a><\/li><li class='ez-toc-page-1 ez-toc-heading-level-2'><a class=\"ez-toc-link ez-toc-heading-4\" href=\"https:\/\/blog.emploitic.com\/index.php\/planifier-son-depart-en-conge-pour-une-reprise-en-toute-serenite\/#Faites_un_peu_de_rangement\" >Faites un peu de rangement<\/a><\/li><li class='ez-toc-page-1 ez-toc-heading-level-2'><a class=\"ez-toc-link ez-toc-heading-5\" href=\"https:\/\/blog.emploitic.com\/index.php\/planifier-son-depart-en-conge-pour-une-reprise-en-toute-serenite\/#Organisez_votre_retour\" >Organisez votre retour<\/a><\/li><li class='ez-toc-page-1 ez-toc-heading-level-2'><a class=\"ez-toc-link ez-toc-heading-6\" href=\"https:\/\/blog.emploitic.com\/index.php\/planifier-son-depart-en-conge-pour-une-reprise-en-toute-serenite\/#Debranchez_tout\" >D\u00e9branchez tout&nbsp;!<\/a><\/li><\/ul><\/nav><\/div>\n<h2 class=\"wp-block-heading\"><span class=\"ez-toc-section\" id=\"Faites_une_cheklist_des_taches_a_cloturer_avant_votre_depart\"><\/span><strong>Faites une cheklist des t\u00e2ches \u00e0 cl\u00f4turer avant votre d\u00e9part<\/strong><span class=\"ez-toc-section-end\"><\/span><\/h2>\n\n\n\n<p>En les ordonnant du plus urgent au moins urgent tout simplement&nbsp;!&nbsp;<strong>R\u00e9pertorier<\/strong>&nbsp;ainsi vos t\u00e2ches vous permettra de consacrer le temps qu\u2019il faut \u00e0 chacune d\u2019elles.&nbsp;<strong>D\u00e9chargez-vous<\/strong>&nbsp;d\u2019un maximum de t\u00e2ches avant votre d\u00e9part, et surtout, ne pr\u00e9voyez aucun-compte rendu ni rendez-vous la veille de votre d\u00e9part, ni le jour de votre reprise. Comme on dit, voyagez l\u00e9ger&nbsp;!<\/p>\n\n\n\n<h2 class=\"wp-block-heading\"><span class=\"ez-toc-section\" id=\"Faites_un_point_avec_la_personne_qui_vous_remplacera\"><\/span><strong>Faites un point avec la personne qui vous remplacera<\/strong><span class=\"ez-toc-section-end\"><\/span><\/h2>\n\n\n\n<p>En lui&nbsp;<strong>d\u00e9taillant<\/strong>&nbsp;les t\u00e2ches que vous n\u2019\u00eates pas parvenu \u00e0 boucler avant votre d\u00e9part, et en lui expliquant comment traiter les r\u00e9currences . Ensuite,&nbsp;<strong>formalisez<\/strong>&nbsp;le tout sur un fichier avec le r\u00e9capitulatif des t\u00e2ches \u00e0 effectuer, les contacts importants \u00e0 solliciter. Faciliter un maximum la t\u00e2che \u00e0 votre rempla\u00e7ant vous permettra de retrouver un rythme de travail fluide \u00e0 votre retour, et vous permettra de vous concentrer sur des objectifs futurs.<\/p>\n\n\n\n<h2 class=\"wp-block-heading\"><span class=\"ez-toc-section\" id=\"Organisez_votre_messagerie_Bureau\"><\/span><strong>Organisez votre messagerie &amp; Bureau<\/strong><span class=\"ez-toc-section-end\"><\/span><\/h2>\n\n\n\n<p><strong>Faites le tri<\/strong>\u00a0dans votre bo\u00eete email et votre bureau, en \u00e9liminant les fichiers inutiles, en classant vos emails par priorit\u00e9. N\u2019oubliez surtout pas de r\u00e9diger un email pr\u00e9venant vos contacts que vous serez en vacances\u00a0: prenez soin de bien mentionner la p\u00e9riode de votre absence et surtout, les coordonn\u00e9es de votre int\u00e9rimaire. Pensez \u00e9galement \u00e0\u00a0<strong>r\u00e9diger un mail automatique<\/strong>\u00a0qui sera envoy\u00e9 \u00e0 vos contacts durant votre absence.<\/p>\n\n\n<div class=\"wp-block-image\">\n<figure class=\"aligncenter is-resized\"><img fetchpriority=\"high\" decoding=\"async\" src=\"https:\/\/www.emploitic.com\/images\/Vacances2.jpg\" alt=\"\" width=\"538\" height=\"215\"\/><\/figure><\/div>\n\n\n<h2 class=\"wp-block-heading\"><span class=\"ez-toc-section\" id=\"Faites_un_peu_de_rangement\"><\/span><strong>Faites un peu de rangement<\/strong><span class=\"ez-toc-section-end\"><\/span><\/h2>\n\n\n\n<p>Un bon coup de&nbsp;<strong>tri<\/strong>&nbsp;sur votre bureau. D&#8217;une part, c&#8217;est le meilleur moyen pour ne rien oublier d&#8217;essentiel. D&#8217;autre part, cela permet de retrouver un espace de travail d\u00e9gag\u00e9 et de repartir du bon pied, sans l&#8217;impression d&#8217;\u00eatre submerg\u00e9 d\u00e8s votre retour.<\/p>\n\n\n\n<h2 class=\"wp-block-heading\"><span class=\"ez-toc-section\" id=\"Organisez_votre_retour\"><\/span><strong>Organisez votre retour<\/strong><span class=\"ez-toc-section-end\"><\/span><\/h2>\n\n\n\n<p>Pour \u00e9viter la boule au ventre et le stress de la reprise,&nbsp;<strong>pr\u00e9parez<\/strong>&nbsp;en amont, si n\u00e9cessaire, le travail \u00e0 traiter en urgence apr\u00e8s les vacances. De m\u00eame, mettez \u00e0 jour votre calendrier en ce qui concerne les \u00e9v\u00e9nements et deadlines \u00e0 respecter \u00e0 la rentr\u00e9e. Pr\u00e9voyez aussi une petite&nbsp;<strong>mise au point<\/strong>&nbsp;avec votre rempla\u00e7ant afin de vous remettre dans le bain.<\/p>\n\n\n\n<h2 class=\"wp-block-heading\"><span class=\"ez-toc-section\" id=\"Debranchez_tout\"><\/span><strong>D\u00e9branchez tout&nbsp;!<\/strong><span class=\"ez-toc-section-end\"><\/span><\/h2>\n\n\n\n<p>Il est en effet capital de&nbsp;<strong>se d\u00e9connecter<\/strong>, dans tous les sens du terme. Pour cela, on se vide la t\u00eate de toutes pens\u00e9es li\u00e9es au travail. \u00c7a vous permettra de revenir tous frais, bourr\u00e9 d\u2019ondes positives et d\u2019id\u00e9es productives.<\/p>\n\n\n\n<p><strong>Bonnes vacances\u00a0!<\/strong><\/p>\n\n\n\n<p><br><strong>Yasmine Hadj Ahmed,<br>Responsable de Communication chez Emploitic.<\/strong><\/p>\n","protected":false},"excerpt":{"rendered":"<p><span class=\"span-reading-time rt-reading-time\" style=\"display: block;\"><span class=\"rt-label rt-prefix\">Temps de lecture\u00a0: <\/span> <span class=\"rt-time\"> 2<\/span> <span class=\"rt-label rt-postfix\">minutes<\/span><\/span>Les vacances, c\u2019est le moment d\u2019y penser&nbsp;! M\u00eame si le rythme de travail ralentit durant la p\u00e9riode estivale, il faut s\u2019assurer d\u2019une certaine continuit\u00e9 du business, sans pour autant rester en alerte&nbsp;! Un seul mot afin de se d\u00e9connecter compl\u00e8tement, de faire le plein d\u2019\u00e9nergie et surtout de ne pas surcharger ses coll\u00e8gues durant son [&hellip;]<\/p>\n","protected":false},"author":7,"featured_media":3405,"comment_status":"open","ping_status":"open","sticky":false,"template":"","format":"standard","meta":{"om_disable_all_campaigns":false,"_monsterinsights_skip_tracking":false,"_monsterinsights_sitenote_active":false,"_monsterinsights_sitenote_note":"","_monsterinsights_sitenote_category":0,"_themeisle_gutenberg_block_has_review":false,"footnotes":""},"categories":[2],"tags":[],"class_list":["post-439","post","type-post","status-publish","format-standard","has-post-thumbnail","hentry","category-gerer-sa-carriere"],"aioseo_notices":[],"_links":{"self":[{"href":"https:\/\/blog.emploitic.com\/index.php\/wp-json\/wp\/v2\/posts\/439","targetHints":{"allow":["GET"]}}],"collection":[{"href":"https:\/\/blog.emploitic.com\/index.php\/wp-json\/wp\/v2\/posts"}],"about":[{"href":"https:\/\/blog.emploitic.com\/index.php\/wp-json\/wp\/v2\/types\/post"}],"author":[{"embeddable":true,"href":"https:\/\/blog.emploitic.com\/index.php\/wp-json\/wp\/v2\/users\/7"}],"replies":[{"embeddable":true,"href":"https:\/\/blog.emploitic.com\/index.php\/wp-json\/wp\/v2\/comments?post=439"}],"version-history":[{"count":2,"href":"https:\/\/blog.emploitic.com\/index.php\/wp-json\/wp\/v2\/posts\/439\/revisions"}],"predecessor-version":[{"id":3407,"href":"https:\/\/blog.emploitic.com\/index.php\/wp-json\/wp\/v2\/posts\/439\/revisions\/3407"}],"wp:featuredmedia":[{"embeddable":true,"href":"https:\/\/blog.emploitic.com\/index.php\/wp-json\/wp\/v2\/media\/3405"}],"wp:attachment":[{"href":"https:\/\/blog.emploitic.com\/index.php\/wp-json\/wp\/v2\/media?parent=439"}],"wp:term":[{"taxonomy":"category","embeddable":true,"href":"https:\/\/blog.emploitic.com\/index.php\/wp-json\/wp\/v2\/categories?post=439"},{"taxonomy":"post_tag","embeddable":true,"href":"https:\/\/blog.emploitic.com\/index.php\/wp-json\/wp\/v2\/tags?post=439"}],"curies":[{"name":"wp","href":"https:\/\/api.w.org\/{rel}","templated":true}]}}