{"id":4605,"date":"2024-12-02T14:54:47","date_gmt":"2024-12-02T13:54:47","guid":{"rendered":"https:\/\/blog.emploitic.com\/?p=4605"},"modified":"2024-12-03T09:46:45","modified_gmt":"2024-12-03T08:46:45","slug":"tendances-rh-2025-nouvelle-ere-du-recrutement-en-algerie","status":"publish","type":"post","link":"https:\/\/blog.emploitic.com\/index.php\/tendances-rh-2025-nouvelle-ere-du-recrutement-en-algerie\/","title":{"rendered":"Tendances RH 2025:  Nouvelle \u00e8re du recrutement en Alg\u00e9rie"},"content":{"rendered":"\n<p>Lors du <strong><mark style=\"background-color:#ffffff\" class=\"has-inline-color has-blogar-primary-color\"><a href=\"https:\/\/talentday.emploitic.com\/\" target=\"_blank\" rel=\"noopener\" title=\"Talent Day\">Talent Day<\/a> <\/mark>2024,<\/strong> un moment phare a captiv\u00e9 l\u2019audience, aussi bien en salle qu\u2019en ligne : l\u2019intervention de <strong>Tarik Metnani<\/strong>, Co-Fondateur et CEO d\u2019Emploitic. \u00c0 travers une pr\u00e9sentation riche en donn\u00e9es et en innovations, il a d\u00e9voil\u00e9 les r\u00e9sultats de l\u2019enqu\u00eate annuelle &#8220;<strong>Tendances RH 2025<\/strong>&#8220;, r\u00e9alis\u00e9e aupr\u00e8s de pr\u00e8s de 500 professionnels RH. <\/p>\n\n\n\n<p>Cette enqu\u00eate a mis en lumi\u00e8re les grandes \u00e9volutions du secteur des ressources humaines et les attentes des recruteurs et des candidats pour les ann\u00e9es \u00e0 venir.<\/p>\n\n\n\n<h3 class=\"wp-block-heading\"><strong>Des donn\u00e9es cl\u00e9s pour comprendre l\u2019avenir des RH<\/strong><\/h3>\n\n\n\n<p>Tarik Metnani a d\u00e9taill\u00e9 les principales conclusions de cette \u00e9tude, soulignant l\u2019importance croissante de l\u2019adaptabilit\u00e9 face aux transformations \u00e9conomiques et technologiques. Les r\u00e9pondants ont notamment mis en avant la mont\u00e9e en puissance de l\u2019intelligence artificielle dans les processus RH, l\u2019importance de l\u2019exp\u00e9rience candidat, et le besoin de renforcer la fid\u00e9lisation des talents dans un contexte de concurrence accrue. <\/p>\n\n\n\n<p>Il a \u00e9galement insist\u00e9 sur le fait que les attentes des talents \u00e9voluent rapidement, notamment en mati\u00e8re de flexibilit\u00e9, d\u2019\u00e9thique et de d\u00e9veloppement professionnel, et que les entreprises doivent s\u2019y pr\u00e9parer pour rester attractives et comp\u00e9titives.<\/p>\n\n\n\n<h3 class=\"wp-block-heading\"><strong>Emploitic V4 : Une r\u00e9volution boost\u00e9e \u00e0 l\u2019IA<\/strong><\/h3>\n\n\n\n<p>Au-del\u00e0 de l\u2019analyse des tendances, l\u2019intervention a \u00e9t\u00e9 marqu\u00e9e par une annonce majeure : le lancement de la nouvelle version d\u2019Emploitic, baptis\u00e9e <strong>Emploitic 4.0<\/strong>. <\/p>\n\n\n\n<p>Boost\u00e9e par l\u2019intelligence artificielle, cette plateforme promet une exp\u00e9rience repens\u00e9e pour les recruteurs comme pour les candidats. Avec un design moderne, une technologie de pointe et des fonctionnalit\u00e9s in\u00e9dites, Emploitic 4.0 se positionne comme un outil incontournable pour r\u00e9pondre aux besoins d\u2019un march\u00e9 de l\u2019emploi en constante \u00e9volution.<\/p>\n\n\n\n<figure class=\"wp-block-image size-full\"><img fetchpriority=\"high\" decoding=\"async\" width=\"2560\" height=\"1707\" src=\"https:\/\/blog.emploitic.com\/wp-content\/uploads\/2024\/12\/tarik-metnani-emploitic-v4-scaled.jpg\" alt=\"Tarik Metnani, Talent Day 2024\" class=\"wp-image-4609\" srcset=\"https:\/\/blog.emploitic.com\/wp-content\/uploads\/2024\/12\/tarik-metnani-emploitic-v4-scaled.jpg 2560w, https:\/\/blog.emploitic.com\/wp-content\/uploads\/2024\/12\/tarik-metnani-emploitic-v4-300x200.jpg 300w, https:\/\/blog.emploitic.com\/wp-content\/uploads\/2024\/12\/tarik-metnani-emploitic-v4-1024x683.jpg 1024w, https:\/\/blog.emploitic.com\/wp-content\/uploads\/2024\/12\/tarik-metnani-emploitic-v4-768x512.jpg 768w, https:\/\/blog.emploitic.com\/wp-content\/uploads\/2024\/12\/tarik-metnani-emploitic-v4-1536x1024.jpg 1536w, https:\/\/blog.emploitic.com\/wp-content\/uploads\/2024\/12\/tarik-metnani-emploitic-v4-2048x1365.jpg 2048w, https:\/\/blog.emploitic.com\/wp-content\/uploads\/2024\/12\/tarik-metnani-emploitic-v4-390x260.jpg 390w, https:\/\/blog.emploitic.com\/wp-content\/uploads\/2024\/12\/tarik-metnani-emploitic-v4-285x190.jpg 285w\" sizes=\"(max-width: 2560px) 100vw, 2560px\" \/><\/figure>\n\n\n\n<h3 class=\"wp-block-heading\"><strong>Un teaser qui a fait sensation<\/strong><\/h3>\n\n\n\n<p>Pour marquer cette annonce, Tarik Metnani a d\u00e9voil\u00e9 un teaser exclusif de la nouvelle plateforme. Les participants, tant sur place qu\u2019en ligne, ont \u00e9t\u00e9 impressionn\u00e9s par les possibilit\u00e9s qu\u2019offre cette version 4.0, notamment en termes de personnalisation des recherches, d\u2019automatisation des processus et d\u2019efficacit\u00e9 globale. L\u2019enthousiasme dans la salle a \u00e9t\u00e9 palpable, traduisant l\u2019impatience des utilisateurs de d\u00e9couvrir cette innovation.<\/p>\n\n\n\n<p>Avec cette double intervention m\u00ealant analyse des tendances RH et innovation technologique, Tarik Metnani a rappel\u00e9 le r\u00f4le central d\u2019<strong><a href=\"https:\/\/emploitic.com\/\" target=\"_blank\" rel=\"noopener\" title=\"Emploitic\"><span class=\"highlight\">Emploitic<\/span><\/a><\/strong> dans l\u2019accompagnement des entreprises et des talents en Alg\u00e9rie. Son talk a offert aux participants une vision claire et inspirante de l\u2019avenir du march\u00e9 de l\u2019emploi, tout en renfor\u00e7ant leur confiance dans les solutions propos\u00e9es par Emploitic pour relever les d\u00e9fis de demain.<\/p>\n","protected":false},"excerpt":{"rendered":"<p>Lors du Talent Day 2024, un moment phare a captiv\u00e9 l\u2019audience, aussi bien en salle qu\u2019en ligne : l\u2019intervention de Tarik Metnani, Co-Fondateur et CEO d\u2019Emploitic. \u00c0 travers une pr\u00e9sentation riche en donn\u00e9es et en innovations, il a d\u00e9voil\u00e9 les r\u00e9sultats de l\u2019enqu\u00eate annuelle &#8220;Tendances RH 2025&#8220;, r\u00e9alis\u00e9e aupr\u00e8s de pr\u00e8s de 500 professionnels RH. [&hellip;]<\/p>\n","protected":false},"author":24,"featured_media":4610,"comment_status":"closed","ping_status":"closed","sticky":false,"template":"","format":"standard","meta":{"om_disable_all_campaigns":false,"_monsterinsights_skip_tracking":false,"_monsterinsights_sitenote_active":false,"_monsterinsights_sitenote_note":"","_monsterinsights_sitenote_category":0,"_themeisle_gutenberg_block_has_review":false,"footnotes":""},"categories":[3,6],"tags":[],"class_list":["post-4605","post","type-post","status-publish","format-standard","has-post-thumbnail","hentry","category-actualite-news","category-evenements"],"aioseo_notices":[],"_links":{"self":[{"href":"https:\/\/blog.emploitic.com\/index.php\/wp-json\/wp\/v2\/posts\/4605","targetHints":{"allow":["GET"]}}],"collection":[{"href":"https:\/\/blog.emploitic.com\/index.php\/wp-json\/wp\/v2\/posts"}],"about":[{"href":"https:\/\/blog.emploitic.com\/index.php\/wp-json\/wp\/v2\/types\/post"}],"author":[{"embeddable":true,"href":"https:\/\/blog.emploitic.com\/index.php\/wp-json\/wp\/v2\/users\/24"}],"replies":[{"embeddable":true,"href":"https:\/\/blog.emploitic.com\/index.php\/wp-json\/wp\/v2\/comments?post=4605"}],"version-history":[{"count":5,"href":"https:\/\/blog.emploitic.com\/index.php\/wp-json\/wp\/v2\/posts\/4605\/revisions"}],"predecessor-version":[{"id":4633,"href":"https:\/\/blog.emploitic.com\/index.php\/wp-json\/wp\/v2\/posts\/4605\/revisions\/4633"}],"wp:featuredmedia":[{"embeddable":true,"href":"https:\/\/blog.emploitic.com\/index.php\/wp-json\/wp\/v2\/media\/4610"}],"wp:attachment":[{"href":"https:\/\/blog.emploitic.com\/index.php\/wp-json\/wp\/v2\/media?parent=4605"}],"wp:term":[{"taxonomy":"category","embeddable":true,"href":"https:\/\/blog.emploitic.com\/index.php\/wp-json\/wp\/v2\/categories?post=4605"},{"taxonomy":"post_tag","embeddable":true,"href":"https:\/\/blog.emploitic.com\/index.php\/wp-json\/wp\/v2\/tags?post=4605"}],"curies":[{"name":"wp","href":"https:\/\/api.w.org\/{rel}","templated":true}]}}