{"id":4884,"date":"2025-09-09T13:41:01","date_gmt":"2025-09-09T11:41:01","guid":{"rendered":"https:\/\/blog.emploitic.com\/?p=4884"},"modified":"2025-09-14T17:03:53","modified_gmt":"2025-09-14T15:03:53","slug":"rentree-sociale-2025-reussir-la-reprise-avec-vos-equipes","status":"publish","type":"post","link":"https:\/\/blog.emploitic.com\/index.php\/rentree-sociale-2025-reussir-la-reprise-avec-vos-equipes\/","title":{"rendered":"Rentr\u00e9e sociale 2025 : r\u00e9engagez vos \u00e9quipes"},"content":{"rendered":"\n<p>La rentr\u00e9e sociale est un moment strat\u00e9gique pour les entreprises : retour au bureau, r\u00e9organisation des \u00e9quipes, relance des projets\u2026 En 2025, les responsables RH et dirigeants doivent surtout relever un d\u00e9fi cl\u00e9 : <strong>r\u00e9engager les collaborateurs<\/strong> apr\u00e8s la p\u00e9riode estivale.<\/p>\n\n\n\n<h2 class=\"wp-block-heading\"><strong>Pourquoi la rentr\u00e9e est un moment d\u00e9cisif ?<\/strong><\/h2>\n\n\n\n<p>Durant l\u2019\u00e9t\u00e9, les rythmes changent et les \u00e9quipes se dispersent. Au retour, certains collaborateurs peuvent \u00e9prouver une baisse de motivation. Pour les entreprises, c\u2019est l\u2019occasion :<\/p>\n\n\n\n<ul class=\"wp-block-list\">\n<li><mark style=\"background-color:rgba(0, 0, 0, 0)\" class=\"has-inline-color has-blogar-tertiary-color\">de <strong>clarifier les priorit\u00e9s<\/strong> pour les mois \u00e0 venir<\/mark><\/li>\n\n\n\n<li><mark style=\"background-color:rgba(0, 0, 0, 0)\" class=\"has-inline-color has-blogar-tertiary-color\">de <strong>renforcer la coh\u00e9sion<\/strong> apr\u00e8s une p\u00e9riode de cong\u00e9s<\/mark><\/li>\n\n\n\n<li><mark style=\"background-color:rgba(0, 0, 0, 0)\" class=\"has-inline-color has-blogar-tertiary-color\">et de <strong>redonner du sens<\/strong> au travail collectif.<br><\/mark><\/li>\n<\/ul>\n\n\n\n<h2 class=\"wp-block-heading\"><strong>Les leviers RH \u00e0 activer en 2025<\/strong><\/h2>\n\n\n\n<h3 class=\"wp-block-heading\"><strong>1. Donner de la visibilit\u00e9 et du sens<\/strong><\/h3>\n\n\n\n<p>Les \u00e9quipes ont besoin de comprendre o\u00f9 va l\u2019entreprise. Un <strong>kick-off de rentr\u00e9e<\/strong> ou une r\u00e9union strat\u00e9gique permet de partager les objectifs et d\u2019impliquer chacun dans la r\u00e9ussite collective.<\/p>\n\n\n\n<h3 class=\"wp-block-heading\"><strong>2. Miser sur la coh\u00e9sion et le bien-\u00eatre<\/strong><\/h3>\n\n\n\n<p>En 2025, les attentes des salari\u00e9s vont au-del\u00e0 de la r\u00e9mun\u00e9ration. L\u2019\u00e9quilibre entre vie professionnelle et personnelle, le climat social et la qualit\u00e9 des relations sont des facteurs d\u00e9terminants. Organiser des moments conviviaux ou des ateliers collaboratifs favorise le sentiment d\u2019appartenance.<\/p>\n\n\n\n<h3 class=\"wp-block-heading\"><strong>3. Adapter l\u2019organisation du travail<\/strong><\/h3>\n\n\n\n<p>Le mode hybride reste un sujet central. Pour pr\u00e9server la motivation, les responsables RH doivent ajuster les r\u00e8gles de t\u00e9l\u00e9travail, maintenir le lien social et offrir de la flexibilit\u00e9 sans perdre en productivit\u00e9.<\/p>\n\n\n\n<h3 class=\"wp-block-heading\"><strong>4. Anticiper les besoins en comp\u00e9tences<\/strong><\/h3>\n\n\n\n<p>La reprise des projets implique souvent de nouveaux recrutements. Identifier rapidement les postes prioritaires et lancer les processus de recrutement d\u00e8s la rentr\u00e9e permet de s\u00e9curiser les talents n\u00e9cessaires.<\/p>\n\n\n\n<h2 class=\"wp-block-heading\"><strong>Le r\u00f4le d\u2019Emploitic \u00e0 vos c\u00f4t\u00e9s<\/strong><\/h2>\n\n\n\n<p>Pour accompagner les entreprises dans cette p\u00e9riode, <strong>Emploitic, jobboard leader en Alg\u00e9rie<\/strong>, met \u00e0 disposition :<\/p>\n\n\n\n<ul class=\"wp-block-list\">\n<li><mark style=\"background-color:rgba(0, 0, 0, 0)\" class=\"has-inline-color has-blogar-tertiary-color\">un large vivier de candidats qualifi\u00e9s<\/mark><\/li>\n\n\n\n<li><mark style=\"background-color:rgba(0, 0, 0, 0)\" class=\"has-inline-color has-blogar-tertiary-color\">un <strong>syst\u00e8me de Matching Intelligent<\/strong> pour identifier rapidement les profils les plus pertinents<\/mark><\/li>\n\n\n\n<li><mark style=\"background-color:rgba(0, 0, 0, 0)\" class=\"has-inline-color has-blogar-tertiary-color\">des solutions de valorisation de la marque employeur<\/mark><\/li>\n\n\n\n<li><mark style=\"background-color:rgba(0, 0, 0, 0)\" class=\"has-inline-color has-blogar-tertiary-color\">et un accompagnement sur mesure pour optimiser chaque recrutement<\/mark>.<\/li>\n<\/ul>\n\n\n\n<h2 class=\"wp-block-heading\"><strong>Conclusion<\/strong><\/h2>\n\n\n\n<p>La rentr\u00e9e sociale est l\u2019opportunit\u00e9 de <strong>remobiliser les collaborateurs et pr\u00e9parer sereinement les prochains d\u00e9fis<\/strong>. En mettant l\u2019accent sur la communication, la coh\u00e9sion et l\u2019organisation du travail, les entreprises peuvent transformer ce moment en v\u00e9ritable levier de performance.<\/p>\n\n\n\n<p>\ud83d\udc49 <strong>Recruteurs, profitez des <a href=\"https:\/\/entreprises.emploitic.com\/\" target=\"_blank\" rel=\"noopener\" title=\"solutions Emploitic\"><mark style=\"background-color:rgba(0, 0, 0, 0)\" class=\"has-inline-color has-blogar-primary-color\">solutions Emploitic<\/mark><\/a> pour attirer et fid\u00e9liser les meilleurs talents d\u00e8s cette rentr\u00e9e<\/strong> <\/p>\n\n\n\n<p><\/p>\n","protected":false},"excerpt":{"rendered":"<p>La rentr\u00e9e sociale est un moment strat\u00e9gique pour les entreprises : retour au bureau, r\u00e9organisation des \u00e9quipes, relance des projets\u2026 En 2025, les responsables RH et dirigeants doivent surtout relever un d\u00e9fi cl\u00e9 : r\u00e9engager les collaborateurs apr\u00e8s la p\u00e9riode estivale. Pourquoi la rentr\u00e9e est un moment d\u00e9cisif ? Durant l\u2019\u00e9t\u00e9, les rythmes changent et [&hellip;]<\/p>\n","protected":false},"author":28,"featured_media":4896,"comment_status":"closed","ping_status":"closed","sticky":false,"template":"","format":"standard","meta":{"om_disable_all_campaigns":false,"_monsterinsights_skip_tracking":false,"_monsterinsights_sitenote_active":false,"_monsterinsights_sitenote_note":"","_monsterinsights_sitenote_category":0,"_themeisle_gutenberg_block_has_review":false,"footnotes":""},"categories":[4],"tags":[],"class_list":["post-4884","post","type-post","status-publish","format-standard","has-post-thumbnail","hentry","category-management-rh"],"aioseo_notices":[],"_links":{"self":[{"href":"https:\/\/blog.emploitic.com\/index.php\/wp-json\/wp\/v2\/posts\/4884","targetHints":{"allow":["GET"]}}],"collection":[{"href":"https:\/\/blog.emploitic.com\/index.php\/wp-json\/wp\/v2\/posts"}],"about":[{"href":"https:\/\/blog.emploitic.com\/index.php\/wp-json\/wp\/v2\/types\/post"}],"author":[{"embeddable":true,"href":"https:\/\/blog.emploitic.com\/index.php\/wp-json\/wp\/v2\/users\/28"}],"replies":[{"embeddable":true,"href":"https:\/\/blog.emploitic.com\/index.php\/wp-json\/wp\/v2\/comments?post=4884"}],"version-history":[{"count":6,"href":"https:\/\/blog.emploitic.com\/index.php\/wp-json\/wp\/v2\/posts\/4884\/revisions"}],"predecessor-version":[{"id":4898,"href":"https:\/\/blog.emploitic.com\/index.php\/wp-json\/wp\/v2\/posts\/4884\/revisions\/4898"}],"wp:featuredmedia":[{"embeddable":true,"href":"https:\/\/blog.emploitic.com\/index.php\/wp-json\/wp\/v2\/media\/4896"}],"wp:attachment":[{"href":"https:\/\/blog.emploitic.com\/index.php\/wp-json\/wp\/v2\/media?parent=4884"}],"wp:term":[{"taxonomy":"category","embeddable":true,"href":"https:\/\/blog.emploitic.com\/index.php\/wp-json\/wp\/v2\/categories?post=4884"},{"taxonomy":"post_tag","embeddable":true,"href":"https:\/\/blog.emploitic.com\/index.php\/wp-json\/wp\/v2\/tags?post=4884"}],"curies":[{"name":"wp","href":"https:\/\/api.w.org\/{rel}","templated":true}]}}