{"id":5057,"date":"2026-09-01T16:28:07","date_gmt":"2026-09-01T14:28:07","guid":{"rendered":"https:\/\/blog.emploitic.com\/?p=5057"},"modified":"2026-09-01T16:28:08","modified_gmt":"2026-09-01T14:28:08","slug":"recrutement-rentree-2026","status":"publish","type":"post","link":"https:\/\/blog.emploitic.com\/index.php\/recrutement-rentree-2026\/","title":{"rendered":"Recrutement rentr\u00e9e 2026"},"content":{"rendered":"<span class=\"span-reading-time rt-reading-time\" style=\"display: block;\"><span class=\"rt-label rt-prefix\">Temps de lecture\u00a0: <\/span> <span class=\"rt-time\"> 7<\/span> <span class=\"rt-label rt-postfix\">minutes<\/span><\/span>\n<p>La rentr\u00e9e constitue une p\u00e9riode strat\u00e9gique pour les entreprises. Apr\u00e8s la p\u00e9riode estivale, les \u00e9quipes reprennent leur rythme, les projets red\u00e9marrent, de nouveaux objectifs sont fix\u00e9s et certains besoins en comp\u00e9tences deviennent plus visibles. Pour les recruteurs, cette p\u00e9riode peut donc \u00eatre l\u2019occasion de remettre \u00e0 plat les besoins en effectifs et de pr\u00e9parer les recrutements du dernier trimestre.<\/p>\n\n\n\n<p><strong>Un recrutement efficace \u00e0 la rentr\u00e9e se pr\u00e9pare avant que le besoin ne devienne urgent.<\/strong> L\u2019objectif est de savoir quels postes doivent \u00eatre pourvus, quelles comp\u00e9tences sont r\u00e9ellement prioritaires, quels canaux utiliser et comment organiser le processus de recrutement avant de lancer les recherches.<\/p>\n\n\n\n<div id=\"ez-toc-container\" class=\"ez-toc-v2_0_85 counter-hierarchy ez-toc-counter ez-toc-light-blue ez-toc-container-direction\">\n<div class=\"ez-toc-title-container\">\n<p class=\"ez-toc-title\" style=\"cursor:inherit\">Sommaire<\/p>\n<span class=\"ez-toc-title-toggle\"><a href=\"#\" class=\"ez-toc-pull-right ez-toc-btn ez-toc-btn-xs ez-toc-btn-default ez-toc-toggle\" aria-label=\"Toggle Table of Content\"><span class=\"ez-toc-js-icon-con\"><span class=\"\"><span class=\"eztoc-hide\" style=\"display:none;\">Toggle<\/span><span class=\"ez-toc-icon-toggle-span\"><svg style=\"fill: #999;color:#999\" xmlns=\"http:\/\/www.w3.org\/2000\/svg\" class=\"list-377408\" width=\"20px\" height=\"20px\" viewBox=\"0 0 24 24\" fill=\"none\"><path d=\"M6 6H4v2h2V6zm14 0H8v2h12V6zM4 11h2v2H4v-2zm16 0H8v2h12v-2zM4 16h2v2H4v-2zm16 0H8v2h12v-2z\" fill=\"currentColor\"><\/path><\/svg><svg style=\"fill: #999;color:#999\" class=\"arrow-unsorted-368013\" xmlns=\"http:\/\/www.w3.org\/2000\/svg\" width=\"10px\" height=\"10px\" viewBox=\"0 0 24 24\" version=\"1.2\" baseProfile=\"tiny\"><path d=\"M18.2 9.3l-6.2-6.3-6.2 6.3c-.2.2-.3.4-.3.7s.1.5.3.7c.2.2.4.3.7.3h11c.3 0 .5-.1.7-.3.2-.2.3-.5.3-.7s-.1-.5-.3-.7zM5.8 14.7l6.2 6.3 6.2-6.3c.2-.2.3-.5.3-.7s-.1-.5-.3-.7c-.2-.2-.4-.3-.7-.3h-11c-.3 0-.5.1-.7.3-.2.2-.3.5-.3.7s.1.5.3.7z\"\/><\/svg><\/span><\/span><\/span><\/a><\/span><\/div>\n<nav><ul class='ez-toc-list ez-toc-list-level-1 ' ><ul class='ez-toc-list-level-2' ><li class='ez-toc-heading-level-2'><a class=\"ez-toc-link ez-toc-heading-1\" href=\"https:\/\/blog.emploitic.com\/index.php\/recrutement-rentree-2026\/#Pourquoi_la_rentree_est-elle_une_periode_strategique_pour_le_recrutement\" >Pourquoi la rentr\u00e9e est-elle une p\u00e9riode strat\u00e9gique pour le recrutement ?<\/a><\/li><li class='ez-toc-page-1 ez-toc-heading-level-2'><a class=\"ez-toc-link ez-toc-heading-2\" href=\"https:\/\/blog.emploitic.com\/index.php\/recrutement-rentree-2026\/#Les_5_etapes_pour_preparer_ses_recrutements_a_la_rentree\" >Les 5 \u00e9tapes pour pr\u00e9parer ses recrutements \u00e0 la rentr\u00e9e<\/a><ul class='ez-toc-list-level-3' ><li class='ez-toc-heading-level-3'><a class=\"ez-toc-link ez-toc-heading-3\" href=\"https:\/\/blog.emploitic.com\/index.php\/recrutement-rentree-2026\/#1_Faire_le_bilan_des_besoins_en_effectifs\" >1. Faire le bilan des besoins en effectifs<\/a><\/li><li class='ez-toc-page-1 ez-toc-heading-level-3'><a class=\"ez-toc-link ez-toc-heading-4\" href=\"https:\/\/blog.emploitic.com\/index.php\/recrutement-rentree-2026\/#2_Identifier_les_competences_prioritaires\" >2. Identifier les comp\u00e9tences prioritaires<\/a><\/li><li class='ez-toc-page-1 ez-toc-heading-level-3'><a class=\"ez-toc-link ez-toc-heading-5\" href=\"https:\/\/blog.emploitic.com\/index.php\/recrutement-rentree-2026\/#3_Definir_precisement_les_fiches_de_poste\" >3. D\u00e9finir pr\u00e9cis\u00e9ment les fiches de poste<\/a><\/li><li class='ez-toc-page-1 ez-toc-heading-level-3'><a class=\"ez-toc-link ez-toc-heading-6\" href=\"https:\/\/blog.emploitic.com\/index.php\/recrutement-rentree-2026\/#4_Anticiper_les_delais_de_recrutement\" >4. Anticiper les d\u00e9lais de recrutement<\/a><\/li><li class='ez-toc-page-1 ez-toc-heading-level-3'><a class=\"ez-toc-link ez-toc-heading-7\" href=\"https:\/\/blog.emploitic.com\/index.php\/recrutement-rentree-2026\/#5_Preparer_une_strategie_de_diffusion_et_de_sourcing\" >5. Pr\u00e9parer une strat\u00e9gie de diffusion et de sourcing<\/a><\/li><\/ul><\/li><li class='ez-toc-page-1 ez-toc-heading-level-2'><a class=\"ez-toc-link ez-toc-heading-8\" href=\"https:\/\/blog.emploitic.com\/index.php\/recrutement-rentree-2026\/#Comment_ameliorer_lefficacite_de_son_recrutement\" >Comment am\u00e9liorer l\u2019efficacit\u00e9 de son recrutement ?<\/a><ul class='ez-toc-list-level-3' ><li class='ez-toc-heading-level-3'><a class=\"ez-toc-link ez-toc-heading-9\" href=\"https:\/\/blog.emploitic.com\/index.php\/recrutement-rentree-2026\/#Rediger_des_offres_demploi_claires\" >R\u00e9diger des offres d&#8217;emploi claires<\/a><\/li><li class='ez-toc-page-1 ez-toc-heading-level-3'><a class=\"ez-toc-link ez-toc-heading-10\" href=\"https:\/\/blog.emploitic.com\/index.php\/recrutement-rentree-2026\/#Ameliorer_la_visibilite_des_annonces\" >Am\u00e9liorer la visibilit\u00e9 des annonces<\/a><\/li><li class='ez-toc-page-1 ez-toc-heading-level-3'><a class=\"ez-toc-link ez-toc-heading-11\" href=\"https:\/\/blog.emploitic.com\/index.php\/recrutement-rentree-2026\/#Mieux_cibler_les_candidats\" >Mieux cibler les candidats<\/a><\/li><li class='ez-toc-page-1 ez-toc-heading-level-3'><a class=\"ez-toc-link ez-toc-heading-12\" href=\"https:\/\/blog.emploitic.com\/index.php\/recrutement-rentree-2026\/#Optimiser_le_tri_et_la_preselection\" >Optimiser le tri et la pr\u00e9s\u00e9lection<\/a><\/li><li class='ez-toc-page-1 ez-toc-heading-level-3'><a class=\"ez-toc-link ez-toc-heading-13\" href=\"https:\/\/blog.emploitic.com\/index.php\/recrutement-rentree-2026\/#Ameliorer_lexperience_candidat\" >Am\u00e9liorer l\u2019exp\u00e9rience candidat<\/a><\/li><\/ul><\/li><li class='ez-toc-page-1 ez-toc-heading-level-2'><a class=\"ez-toc-link ez-toc-heading-14\" href=\"https:\/\/blog.emploitic.com\/index.php\/recrutement-rentree-2026\/#Quel_role_jouent_les_outils_digitaux_dans_le_recrutement\" >Quel r\u00f4le jouent les outils digitaux dans le recrutement ?<\/a><\/li><li class='ez-toc-page-1 ez-toc-heading-level-2'><a class=\"ez-toc-link ez-toc-heading-15\" href=\"https:\/\/blog.emploitic.com\/index.php\/recrutement-rentree-2026\/#Quelles_erreurs_eviter_lors_des_recrutements_de_rentree\" >Quelles erreurs \u00e9viter lors des recrutements de rentr\u00e9e ?<\/a><\/li><li class='ez-toc-page-1 ez-toc-heading-level-2'><a class=\"ez-toc-link ez-toc-heading-16\" href=\"https:\/\/blog.emploitic.com\/index.php\/recrutement-rentree-2026\/#Checklist_du_recruteur_pour_la_rentree_2026\" >Checklist du recruteur pour la rentr\u00e9e 2026<\/a><\/li><li class='ez-toc-page-1 ez-toc-heading-level-2'><a class=\"ez-toc-link ez-toc-heading-17\" href=\"https:\/\/blog.emploitic.com\/index.php\/recrutement-rentree-2026\/#Quels_KPI_suivre_pour_mesurer_lefficacite_de_ses_recrutements\" >Quels KPI suivre pour mesurer l\u2019efficacit\u00e9 de ses recrutements ?<\/a><\/li><\/ul><\/li><li class='ez-toc-page-1 ez-toc-heading-level-1'><a class=\"ez-toc-link ez-toc-heading-18\" href=\"https:\/\/blog.emploitic.com\/index.php\/recrutement-rentree-2026\/#4_FAQ_recrutement_et_rentree_2026\" >4. FAQ : recrutement et rentr\u00e9e 2026<\/a><ul class='ez-toc-list-level-2' ><li class='ez-toc-heading-level-2'><a class=\"ez-toc-link ez-toc-heading-19\" href=\"https:\/\/blog.emploitic.com\/index.php\/recrutement-rentree-2026\/#Quels_profils_recruter_en_priorite_a_la_rentree\" >Quels profils recruter en priorit\u00e9 \u00e0 la rentr\u00e9e ?<\/a><\/li><li class='ez-toc-page-1 ez-toc-heading-level-2'><a class=\"ez-toc-link ez-toc-heading-20\" href=\"https:\/\/blog.emploitic.com\/index.php\/recrutement-rentree-2026\/#Comment_anticiper_ses_besoins_en_recrutement\" >Comment anticiper ses besoins en recrutement ?<\/a><\/li><li class='ez-toc-page-1 ez-toc-heading-level-2'><a class=\"ez-toc-link ez-toc-heading-21\" href=\"https:\/\/blog.emploitic.com\/index.php\/recrutement-rentree-2026\/#Combien_de_temps_prevoir_pour_recruter_un_candidat\" >Combien de temps pr\u00e9voir pour recruter un candidat ?<\/a><\/li><li class='ez-toc-page-1 ez-toc-heading-level-2'><a class=\"ez-toc-link ez-toc-heading-22\" href=\"https:\/\/blog.emploitic.com\/index.php\/recrutement-rentree-2026\/#Comment_les_outils_digitaux_peuvent-ils_faciliter_le_recrutement\" >Comment les outils digitaux peuvent-ils faciliter le recrutement ?<\/a><\/li><\/ul><\/li><li class='ez-toc-page-1 ez-toc-heading-level-1'><a class=\"ez-toc-link ez-toc-heading-23\" href=\"https:\/\/blog.emploitic.com\/index.php\/recrutement-rentree-2026\/#5_Conclusion\" >5. Conclusion<\/a><ul class='ez-toc-list-level-3' ><li class='ez-toc-heading-level-3'><ul class='ez-toc-list-level-3' ><li class='ez-toc-heading-level-3'><a class=\"ez-toc-link ez-toc-heading-24\" href=\"https:\/\/blog.emploitic.com\/index.php\/recrutement-rentree-2026\/#Offre_speciale_rentree_pour_booster_vos_recrutements\" >Offre sp\u00e9ciale rentr\u00e9e pour booster vos recrutements !<\/a><\/li><\/ul><\/li><\/ul><\/li><\/ul><\/nav><\/div>\n<h2 class=\"wp-block-heading\"><span class=\"ez-toc-section\" id=\"Pourquoi_la_rentree_est-elle_une_periode_strategique_pour_le_recrutement\"><\/span><strong>Pourquoi la rentr\u00e9e est-elle une p\u00e9riode strat\u00e9gique pour le recrutement ?<\/strong><span class=\"ez-toc-section-end\"><\/span><\/h2>\n\n\n\n<p>La rentr\u00e9e est strat\u00e9gique pour le recrutement parce qu\u2019elle correspond \u00e0 une reprise des activit\u00e9s et \u00e0 une p\u00e9riode o\u00f9 les entreprises peuvent r\u00e9\u00e9valuer leurs besoins en effectifs. C\u2019est \u00e9galement un moment pertinent pour anticiper les recrutements n\u00e9cessaires aux projets et aux objectifs de la fin d\u2019ann\u00e9e.<\/p>\n\n\n\n<p>Plusieurs situations peuvent d\u00e9clencher de nouveaux besoins en recrutement :<\/p>\n\n\n\n<ul class=\"wp-block-list\">\n<li><mark style=\"background-color:rgba(0, 0, 0, 0)\" class=\"has-inline-color has-blogar-tertiary-color\">la reprise compl\u00e8te de certaines activit\u00e9s apr\u00e8s l\u2019\u00e9t\u00e9 ;<\/mark><\/li>\n\n\n\n<li><mark style=\"background-color:rgba(0, 0, 0, 0)\" class=\"has-inline-color has-blogar-tertiary-color\">le lancement de nouveaux projets ;<\/mark><\/li>\n\n\n\n<li><mark style=\"background-color:rgba(0, 0, 0, 0)\" class=\"has-inline-color has-blogar-tertiary-color\">l\u2019\u00e9volution ou la r\u00e9organisation des \u00e9quipes ;<\/mark><\/li>\n\n\n\n<li><mark style=\"background-color:rgba(0, 0, 0, 0)\" class=\"has-inline-color has-blogar-tertiary-color\">le remplacement de collaborateurs partis pendant ou avant l\u2019\u00e9t\u00e9 ;<\/mark><\/li>\n\n\n\n<li><mark style=\"background-color:rgba(0, 0, 0, 0)\" class=\"has-inline-color has-blogar-tertiary-color\">l\u2019apparition de besoins en comp\u00e9tences sp\u00e9cifiques ;<\/mark><\/li>\n\n\n\n<li><mark style=\"background-color:rgba(0, 0, 0, 0)\" class=\"has-inline-color has-blogar-tertiary-color\">la pr\u00e9paration du dernier trimestre ;<\/mark><\/li>\n\n\n\n<li><mark style=\"background-color:rgba(0, 0, 0, 0)\" class=\"has-inline-color has-blogar-tertiary-color\">l\u2019anticipation des besoins li\u00e9s \u00e0 la fin d\u2019ann\u00e9e.<\/mark><\/li>\n<\/ul>\n\n\n\n<p>Dans une entreprise en Alg\u00e9rie, ces besoins peuvent concerner aussi bien des fonctions op\u00e9rationnelles que des profils sp\u00e9cialis\u00e9s. La premi\u00e8re \u00e9tape consiste donc \u00e0 ne pas consid\u00e9rer tous les recrutements de la m\u00eame mani\u00e8re : chaque besoin doit \u00eatre \u00e9valu\u00e9 selon son niveau de priorit\u00e9 et son impact sur l\u2019activit\u00e9.<\/p>\n\n\n\n<h2 class=\"wp-block-heading\"><span class=\"ez-toc-section\" id=\"Les_5_etapes_pour_preparer_ses_recrutements_a_la_rentree\"><\/span><strong>Les 5 \u00e9tapes pour pr\u00e9parer ses recrutements \u00e0 la rentr\u00e9e<\/strong><span class=\"ez-toc-section-end\"><\/span><\/h2>\n\n\n\n<h3 class=\"wp-block-heading\"><span class=\"ez-toc-section\" id=\"1_Faire_le_bilan_des_besoins_en_effectifs\"><\/span><strong>1. Faire le bilan des besoins en effectifs<\/strong><span class=\"ez-toc-section-end\"><\/span><\/h3>\n\n\n\n<p>Avant de publier une offre d\u2019emploi, le recruteur doit \u00e9tablir une liste pr\u00e9cise des besoins.<\/p>\n\n\n\n<p>Commencez par identifier :<\/p>\n\n\n\n<ul class=\"wp-block-list\">\n<li><mark style=\"background-color:rgba(0, 0, 0, 0)\" class=\"has-inline-color has-blogar-tertiary-color\">les postes actuellement vacants ;<\/mark><\/li>\n\n\n\n<li><mark style=\"background-color:rgba(0, 0, 0, 0)\" class=\"has-inline-color has-blogar-tertiary-color\">les recrutements d\u00e9j\u00e0 pr\u00e9vus ;<\/mark><\/li>\n\n\n\n<li><mark style=\"background-color:rgba(0, 0, 0, 0)\" class=\"has-inline-color has-blogar-tertiary-color\">les remplacements n\u00e9cessaires ;<\/mark><\/li>\n\n\n\n<li><mark style=\"background-color:rgba(0, 0, 0, 0)\" class=\"has-inline-color has-blogar-tertiary-color\">les cr\u00e9ations de postes ;<\/mark><\/li>\n\n\n\n<li><mark style=\"background-color:rgba(0, 0, 0, 0)\" class=\"has-inline-color has-blogar-tertiary-color\">les besoins li\u00e9s aux nouveaux projets.<\/mark><\/li>\n<\/ul>\n\n\n\n<p>Cette \u00e9tape permet de distinguer les recrutements urgents des recrutements \u00e0 moyen terme. Elle facilite \u00e9galement la priorisation du budget et du temps consacr\u00e9 \u00e0 chaque recherche.<\/p>\n\n\n\n<p>Un tableau simple peut \u00eatre utilis\u00e9 pour suivre le poste, le motif du recrutement, le niveau de priorit\u00e9, le responsable concern\u00e9 et l\u2019\u00e9tat d\u2019avancement.<\/p>\n\n\n\n<h3 class=\"wp-block-heading\"><span class=\"ez-toc-section\" id=\"2_Identifier_les_competences_prioritaires\"><\/span><strong>2. Identifier les comp\u00e9tences prioritaires<\/strong><span class=\"ez-toc-section-end\"><\/span><\/h3>\n\n\n\n<p>Un poste \u00e0 pourvoir ne doit pas \u00eatre d\u00e9fini uniquement par son intitul\u00e9. Le recruteur doit \u00e9galement d\u00e9terminer les comp\u00e9tences r\u00e9ellement n\u00e9cessaires \u00e0 la r\u00e9ussite dans la fonction.<\/p>\n\n\n\n<p>Il est utile de distinguer :<\/p>\n\n\n\n<ul class=\"wp-block-list\">\n<li><mark style=\"background-color:rgba(0, 0, 0, 0)\" class=\"has-inline-color has-blogar-tertiary-color\"><strong>les comp\u00e9tences indispensables<\/strong>, sans lesquelles le candidat ne peut pas r\u00e9pondre aux principales missions ;<\/mark><\/li>\n\n\n\n<li><mark style=\"background-color:rgba(0, 0, 0, 0)\" class=\"has-inline-color has-blogar-tertiary-color\"><strong>les comp\u00e9tences souhaitables<\/strong>, qui constituent un avantage mais peuvent \u00eatre d\u00e9velopp\u00e9es ;<\/mark><\/li>\n\n\n\n<li><mark style=\"background-color:rgba(0, 0, 0, 0)\" class=\"has-inline-color has-blogar-tertiary-color\"><strong>les crit\u00e8res secondaires<\/strong>, qui peuvent \u00eatre \u00e9valu\u00e9s \u00e0 une \u00e9tape ult\u00e9rieure.<\/mark><\/li>\n<\/ul>\n\n\n\n<p>Cette distinction \u00e9vite de transformer l&#8217;offre d&#8217;emploi en une longue liste de crit\u00e8res et permet de concentrer le sourcing candidats sur les profils qui r\u00e9pondent r\u00e9ellement au besoin.<\/p>\n\n\n\n<h3 class=\"wp-block-heading\"><span class=\"ez-toc-section\" id=\"3_Definir_precisement_les_fiches_de_poste\"><\/span><strong>3. D\u00e9finir pr\u00e9cis\u00e9ment les fiches de poste<\/strong><span class=\"ez-toc-section-end\"><\/span><\/h3>\n\n\n\n<p>Une fiche de poste claire facilite \u00e0 la fois la r\u00e9daction de l&#8217;offre et l&#8217;\u00e9valuation des candidatures.<\/p>\n\n\n\n<p>Elle devrait notamment pr\u00e9ciser :<\/p>\n\n\n\n<ul class=\"wp-block-list\">\n<li><mark style=\"background-color:rgba(0, 0, 0, 0)\" class=\"has-inline-color has-blogar-tertiary-color\">l\u2019intitul\u00e9 du poste ;<\/mark><\/li>\n\n\n\n<li><mark style=\"background-color:rgba(0, 0, 0, 0)\" class=\"has-inline-color has-blogar-tertiary-color\">les missions principales ;<\/mark><\/li>\n\n\n\n<li><mark style=\"background-color:rgba(0, 0, 0, 0)\" class=\"has-inline-color has-blogar-tertiary-color\">les responsabilit\u00e9s ;<\/mark><\/li>\n\n\n\n<li><mark style=\"background-color:rgba(0, 0, 0, 0)\" class=\"has-inline-color has-blogar-tertiary-color\">les comp\u00e9tences techniques ;<\/mark><\/li>\n\n\n\n<li><mark style=\"background-color:rgba(0, 0, 0, 0)\" class=\"has-inline-color has-blogar-tertiary-color\">les comp\u00e9tences comportementales ;<\/mark><\/li>\n\n\n\n<li><mark style=\"background-color:rgba(0, 0, 0, 0)\" class=\"has-inline-color has-blogar-tertiary-color\">le niveau d\u2019exp\u00e9rience attendu ;<\/mark><\/li>\n\n\n\n<li><mark style=\"background-color:rgba(0, 0, 0, 0)\" class=\"has-inline-color has-blogar-tertiary-color\">la localisation ;<\/mark><\/li>\n\n\n\n<li><mark style=\"background-color:rgba(0, 0, 0, 0)\" class=\"has-inline-color has-blogar-tertiary-color\">le type de contrat ;<\/mark><\/li>\n\n\n\n<li><mark style=\"background-color:rgba(0, 0, 0, 0)\" class=\"has-inline-color has-blogar-tertiary-color\">les crit\u00e8res indispensables.<\/mark><\/li>\n<\/ul>\n\n\n\n<p>Plus le besoin est pr\u00e9cis en amont, plus le processus de recrutement peut \u00eatre coh\u00e9rent. Le recruteur sait ce qu\u2019il recherche et le candidat comprend plus rapidement si l\u2019opportunit\u00e9 correspond \u00e0 son profil.<\/p>\n\n\n\n<h3 class=\"wp-block-heading\"><span class=\"ez-toc-section\" id=\"4_Anticiper_les_delais_de_recrutement\"><\/span><strong>4. Anticiper les d\u00e9lais de recrutement<\/strong><span class=\"ez-toc-section-end\"><\/span><\/h3>\n\n\n\n<p>Un recrutement ne se limite pas \u00e0 la publication d\u2019une annonce. Plusieurs \u00e9tapes doivent \u00eatre prises en compte : r\u00e9daction et validation de l\u2019offre, diffusion, r\u00e9ception des candidatures, sourcing, pr\u00e9s\u00e9lection, entretiens, validation interne et proposition d\u2019embauche.<\/p>\n\n\n\n<p>Il faut \u00e9galement tenir compte du pr\u00e9avis \u00e9ventuel du candidat retenu.<\/p>\n\n\n\n<p>Pour les recrutements de rentr\u00e9e, l\u2019enjeu est donc de ne pas attendre que le poste devienne critique pour commencer la recherche. Un planning pr\u00e9visionnel permet de visualiser les diff\u00e9rentes \u00e9tapes et d\u2019identifier les \u00e9ventuels blocages internes.<\/p>\n\n\n\n<h3 class=\"wp-block-heading\"><span class=\"ez-toc-section\" id=\"5_Preparer_une_strategie_de_diffusion_et_de_sourcing\"><\/span><strong>5. Pr\u00e9parer une strat\u00e9gie de diffusion et de sourcing<\/strong><span class=\"ez-toc-section-end\"><\/span><\/h3>\n\n\n\n<p>Tous les profils ne se recrutent pas avec les m\u00eames canaux. La strat\u00e9gie de sourcing doit \u00eatre adapt\u00e9e au m\u00e9tier, au niveau d\u2019exp\u00e9rience et au type de comp\u00e9tences recherch\u00e9es.<\/p>\n\n\n\n<p>Les principaux leviers sont notamment :<\/p>\n\n\n\n<ul class=\"wp-block-list\">\n<li><mark style=\"background-color:rgba(0, 0, 0, 0)\" class=\"has-inline-color has-blogar-tertiary-color\">les plateformes d\u2019emploi ;<\/mark><\/li>\n\n\n\n<li><mark style=\"background-color:rgba(0, 0, 0, 0)\" class=\"has-inline-color has-blogar-tertiary-color\">les CVth\u00e8ques ;<\/mark><\/li>\n\n\n\n<li><mark style=\"background-color:rgba(0, 0, 0, 0)\" class=\"has-inline-color has-blogar-tertiary-color\">les r\u00e9seaux professionnels ;<\/mark><\/li>\n\n\n\n<li><mark style=\"background-color:rgba(0, 0, 0, 0)\" class=\"has-inline-color has-blogar-tertiary-color\">les r\u00e9seaux sociaux ;<\/mark><\/li>\n\n\n\n<li><mark style=\"background-color:rgba(0, 0, 0, 0)\" class=\"has-inline-color has-blogar-tertiary-color\">la cooptation ;<\/mark><\/li>\n\n\n\n<li><mark style=\"background-color:rgba(0, 0, 0, 0)\" class=\"has-inline-color has-blogar-tertiary-color\">le sourcing direct ;<\/mark><\/li>\n\n\n\n<li><mark style=\"background-color:rgba(0, 0, 0, 0)\" class=\"has-inline-color has-blogar-tertiary-color\">les viviers internes.<\/mark><\/li>\n<\/ul>\n\n\n\n<p>Une plateforme de recrutement comme Emploitic peut notamment contribuer \u00e0 diffuser les offres et \u00e0 faciliter la recherche de candidats en Alg\u00e9rie. La plateforme intervient dans la mise en relation entre entreprises et candidats ; la s\u00e9lection et la d\u00e9cision de recrutement restent du ressort de l\u2019entreprise.<\/p>\n\n\n\n<h2 class=\"wp-block-heading\"><span class=\"ez-toc-section\" id=\"Comment_ameliorer_lefficacite_de_son_recrutement\"><\/span><strong>Comment am\u00e9liorer l\u2019efficacit\u00e9 de son recrutement ?<\/strong><span class=\"ez-toc-section-end\"><\/span><\/h2>\n\n\n\n<p><strong>Pour recruter plus efficacement, il faut surtout r\u00e9duire les impr\u00e9cisions en amont : une offre claire, des crit\u00e8res bien d\u00e9finis, un sourcing adapt\u00e9 et un processus de s\u00e9lection structur\u00e9 permettent de mieux concentrer les efforts du recruteur.<\/strong><\/p>\n\n\n\n<h3 class=\"wp-block-heading\"><span class=\"ez-toc-section\" id=\"Rediger_des_offres_demploi_claires\"><\/span><strong>R\u00e9diger des offres d&#8217;emploi claires<\/strong><span class=\"ez-toc-section-end\"><\/span><\/h3>\n\n\n\n<p>Une bonne annonce doit permettre au candidat de comprendre rapidement :<\/p>\n\n\n\n<ul class=\"wp-block-list\">\n<li><mark style=\"background-color:rgba(0, 0, 0, 0)\" class=\"has-inline-color has-blogar-tertiary-color\">ce que recherche l\u2019entreprise ;<\/mark><\/li>\n\n\n\n<li><mark style=\"background-color:rgba(0, 0, 0, 0)\" class=\"has-inline-color has-blogar-tertiary-color\">quelles seront ses principales missions ;<\/mark><\/li>\n\n\n\n<li><mark style=\"background-color:rgba(0, 0, 0, 0)\" class=\"has-inline-color has-blogar-tertiary-color\">quelles comp\u00e9tences sont attendues ;<\/mark><\/li>\n\n\n\n<li><mark style=\"background-color:rgba(0, 0, 0, 0)\" class=\"has-inline-color has-blogar-tertiary-color\">quelles sont les conditions du poste ;<\/mark><\/li>\n\n\n\n<li><mark style=\"background-color:rgba(0, 0, 0, 0)\" class=\"has-inline-color has-blogar-tertiary-color\">o\u00f9 se situe le poste ;<\/mark><\/li>\n\n\n\n<li><mark style=\"background-color:rgba(0, 0, 0, 0)\" class=\"has-inline-color has-blogar-tertiary-color\">comment candidater.<\/mark><\/li>\n<\/ul>\n\n\n\n<p>L\u2019intitul\u00e9 doit \u00eatre pr\u00e9cis et correspondre au m\u00e9tier r\u00e9ellement recherch\u00e9. Une annonce trop vague peut attirer des candidatures \u00e9loign\u00e9es du besoin et compliquer le travail de pr\u00e9s\u00e9lection.<\/p>\n\n\n\n<h3 class=\"wp-block-heading\"><span class=\"ez-toc-section\" id=\"Ameliorer_la_visibilite_des_annonces\"><\/span><strong>Am\u00e9liorer la visibilit\u00e9 des annonces<\/strong><span class=\"ez-toc-section-end\"><\/span><\/h3>\n\n\n\n<p>La visibilit\u00e9 d\u2019une offre d\u00e9pend notamment de son intitul\u00e9, de la qualit\u00e9 de son contenu, des mots-cl\u00e9s utilis\u00e9s et des canaux de diffusion choisis.<\/p>\n\n\n\n<p>Il est \u00e9galement important de maintenir les annonces \u00e0 jour. Une offre correspondant \u00e0 un poste d\u00e9j\u00e0 pourvu doit \u00eatre retir\u00e9e ou actualis\u00e9e afin d\u2019\u00e9viter une mauvaise exp\u00e9rience pour les candidats.<\/p>\n\n\n\n<h3 class=\"wp-block-heading\"><span class=\"ez-toc-section\" id=\"Mieux_cibler_les_candidats\"><\/span><strong>Mieux cibler les candidats<\/strong><span class=\"ez-toc-section-end\"><\/span><\/h3>\n\n\n\n<p>Recevoir beaucoup de candidatures n\u2019est pas n\u00e9cessairement synonyme d\u2019un recrutement efficace. Le v\u00e9ritable enjeu est d\u2019attirer des profils correspondant aux crit\u00e8res essentiels.<\/p>\n\n\n\n<p>Le recruteur doit donc d\u00e9finir \u00e0 l\u2019avance les \u00e9l\u00e9ments qui permettront de qualifier une candidature : comp\u00e9tences, exp\u00e9rience, localisation, disponibilit\u00e9 ou autres crit\u00e8res directement li\u00e9s au poste.<\/p>\n\n\n\n<h3 class=\"wp-block-heading\"><span class=\"ez-toc-section\" id=\"Optimiser_le_tri_et_la_preselection\"><\/span><strong>Optimiser le tri et la pr\u00e9s\u00e9lection<\/strong><span class=\"ez-toc-section-end\"><\/span><\/h3>\n\n\n\n<p>Des crit\u00e8res de pr\u00e9s\u00e9lection clairement d\u00e9finis permettent de structurer l\u2019analyse des candidatures.<\/p>\n\n\n\n<p>Selon le poste, l\u2019entreprise peut \u00e9galement utiliser un questionnaire pour v\u00e9rifier certains pr\u00e9requis ou organiser les candidatures selon leur niveau de correspondance.<\/p>\n\n\n\n<p>L\u2019objectif est de prioriser les profils qui r\u00e9pondent r\u00e9ellement au besoin, plut\u00f4t que de traiter toutes les candidatures de la m\u00eame mani\u00e8re.<\/p>\n\n\n\n<h3 class=\"wp-block-heading\"><span class=\"ez-toc-section\" id=\"Ameliorer_lexperience_candidat\"><\/span><strong>Am\u00e9liorer l\u2019exp\u00e9rience candidat<\/strong><span class=\"ez-toc-section-end\"><\/span><\/h3>\n\n\n\n<p>L\u2019exp\u00e9rience candidat commence d\u00e8s la lecture de l\u2019annonce. Elle se poursuit pendant toute la candidature et les diff\u00e9rentes \u00e9tapes de s\u00e9lection.<\/p>\n\n\n\n<p>Une communication claire, un processus compr\u00e9hensible, des d\u00e9lais raisonnables et, lorsque cela est possible, un retour aux candidats contribuent \u00e0 rendre le parcours plus lisible.<\/p>\n\n\n\n<h2 class=\"wp-block-heading\"><span class=\"ez-toc-section\" id=\"Quel_role_jouent_les_outils_digitaux_dans_le_recrutement\"><\/span><strong>Quel r\u00f4le jouent les outils digitaux dans le recrutement ?<\/strong><span class=\"ez-toc-section-end\"><\/span><\/h2>\n\n\n\n<p><strong>Le recrutement digital d\u00e9signe l&#8217;utilisation d&#8217;outils num\u00e9riques pour diffuser les offres, rechercher des candidats, g\u00e9rer les candidatures et suivre les diff\u00e9rentes \u00e9tapes du recrutement.<\/strong><\/p>\n\n\n\n<p>Ces outils peuvent aider les \u00e9quipes RH \u00e0 :<\/p>\n\n\n\n<ul class=\"wp-block-list\">\n<li><mark style=\"background-color:rgba(0, 0, 0, 0)\" class=\"has-inline-color has-blogar-tertiary-color\">centraliser les candidatures ;<\/mark><\/li>\n\n\n\n<li><mark style=\"background-color:rgba(0, 0, 0, 0)\" class=\"has-inline-color has-blogar-tertiary-color\">faciliter le sourcing ;<\/mark><\/li>\n\n\n\n<li><mark style=\"background-color:rgba(0, 0, 0, 0)\" class=\"has-inline-color has-blogar-tertiary-color\">am\u00e9liorer le ciblage des profils ;<\/mark><\/li>\n\n\n\n<li><mark style=\"background-color:rgba(0, 0, 0, 0)\" class=\"has-inline-color has-blogar-tertiary-color\">automatiser certaines t\u00e2ches administratives ;<\/mark><\/li>\n\n\n\n<li><mark style=\"background-color:rgba(0, 0, 0, 0)\" class=\"has-inline-color has-blogar-tertiary-color\">suivre l\u2019avancement des recrutements ;<\/mark><\/li>\n\n\n\n<li><mark style=\"background-color:rgba(0, 0, 0, 0)\" class=\"has-inline-color has-blogar-tertiary-color\">mesurer les performances ;<\/mark><\/li>\n\n\n\n<li><mark style=\"background-color:rgba(0, 0, 0, 0)\" class=\"has-inline-color has-blogar-tertiary-color\">exploiter les donn\u00e9es disponibles pour prendre de meilleures d\u00e9cisions.<\/mark><\/li>\n<\/ul>\n\n\n\n<p>Pour un recruteur qui g\u00e8re plusieurs besoins simultan\u00e9ment \u00e0 la rentr\u00e9e, la centralisation peut notamment faciliter le suivi des diff\u00e9rentes recherches et limiter les t\u00e2ches r\u00e9p\u00e9titives.<\/p>\n\n\n\n<h2 class=\"wp-block-heading\"><span class=\"ez-toc-section\" id=\"Quelles_erreurs_eviter_lors_des_recrutements_de_rentree\"><\/span><strong>Quelles erreurs \u00e9viter lors des recrutements de rentr\u00e9e ?<\/strong><span class=\"ez-toc-section-end\"><\/span><\/h2>\n\n\n\n<p>Certaines erreurs peuvent ralentir inutilement un recrutement :<\/p>\n\n\n\n<ul class=\"wp-block-list\">\n<li><mark style=\"background-color:rgba(0, 0, 0, 0)\" class=\"has-inline-color has-blogar-tertiary-color\"><strong>Attendre le dernier moment :<\/strong> un besoin anticip\u00e9 laisse davantage de marge pour organiser la recherche.<\/mark><\/li>\n\n\n\n<li><mark style=\"background-color:rgba(0, 0, 0, 0)\" class=\"has-inline-color has-blogar-tertiary-color\"><strong>Publier une offre trop vague :<\/strong> un contenu impr\u00e9cis peut g\u00e9n\u00e9rer des candidatures peu pertinentes.<\/mark><\/li>\n\n\n\n<li><mark style=\"background-color:rgba(0, 0, 0, 0)\" class=\"has-inline-color has-blogar-tertiary-color\"><strong>Rechercher un profil sans d\u00e9finir les comp\u00e9tences prioritaires :<\/strong> les crit\u00e8res de s\u00e9lection deviennent alors difficiles \u00e0 appliquer.<\/mark><\/li>\n\n\n\n<li><mark style=\"background-color:rgba(0, 0, 0, 0)\" class=\"has-inline-color has-blogar-tertiary-color\"><strong>Multiplier les \u00e9tapes inutiles :<\/strong> un processus trop long peut ralentir la d\u00e9cision.<\/mark><\/li>\n\n\n\n<li><mark style=\"background-color:rgba(0, 0, 0, 0)\" class=\"has-inline-color has-blogar-tertiary-color\"><strong>Utiliser les m\u00eames canaux pour tous les profils :<\/strong> le canal doit \u00eatre adapt\u00e9 \u00e0 la cible recherch\u00e9e.<\/mark><\/li>\n\n\n\n<li><mark style=\"background-color:rgba(0, 0, 0, 0)\" class=\"has-inline-color has-blogar-tertiary-color\"><strong>N\u00e9gliger l\u2019exp\u00e9rience candidat :<\/strong> une communication insuffisante peut rendre le parcours difficile \u00e0 comprendre.<\/mark><\/li>\n\n\n\n<li><mark style=\"background-color:rgba(0, 0, 0, 0)\" class=\"has-inline-color has-blogar-tertiary-color\"><strong>Laisser les candidatures sans suivi :<\/strong> les candidatures doivent \u00eatre organis\u00e9es et suivies tout au long du processus.<\/mark><\/li>\n\n\n\n<li><mark style=\"background-color:rgba(0, 0, 0, 0)\" class=\"has-inline-color has-blogar-tertiary-color\"><strong>Ne pas mesurer les performances :<\/strong> sans indicateurs, il est difficile d\u2019identifier ce qui fonctionne et ce qui doit \u00eatre am\u00e9lior\u00e9.<\/mark><\/li>\n<\/ul>\n\n\n\n<h2 class=\"wp-block-heading\"><span class=\"ez-toc-section\" id=\"Checklist_du_recruteur_pour_la_rentree_2026\"><\/span><strong>Checklist du recruteur pour la rentr\u00e9e 2026<\/strong><span class=\"ez-toc-section-end\"><\/span><\/h2>\n\n\n\n<p>Avant de lancer les recrutements, cette checklist peut servir de point de contr\u00f4le :<\/p>\n\n\n\n<p>\u2610 Identifier les postes \u00e0 pourvoir<br>\u2610 Prioriser les recrutements<br>\u2610 Actualiser les fiches de poste<br>\u2610 Pr\u00e9parer les annonces<br>\u2610 D\u00e9finir les canaux de sourcing<br>\u2610 Pr\u00e9parer le processus de s\u00e9lection<br>\u2610 D\u00e9finir les KPI de recrutement<br>\u2610 Suivre les candidatures et les d\u00e9lais<\/p>\n\n\n\n<p>Cette v\u00e9rification peut \u00eatre r\u00e9alis\u00e9e avant la publication des premi\u00e8res offres afin de s\u2019assurer que les besoins, les crit\u00e8res et le processus sont clairement d\u00e9finis.<\/p>\n\n\n\n<h2 class=\"wp-block-heading\"><span class=\"ez-toc-section\" id=\"Quels_KPI_suivre_pour_mesurer_lefficacite_de_ses_recrutements\"><\/span><strong>Quels KPI suivre pour mesurer l\u2019efficacit\u00e9 de ses recrutements ?<\/strong><span class=\"ez-toc-section-end\"><\/span><\/h2>\n\n\n\n<p>Les KPI de recrutement permettent de suivre le fonctionnement du processus et d\u2019identifier progressivement les points \u00e0 am\u00e9liorer.<\/p>\n\n\n\n<p>Les principaux indicateurs peuvent inclure :<\/p>\n\n\n\n<ul class=\"wp-block-list\">\n<li><mark style=\"background-color:rgba(0, 0, 0, 0)\" class=\"has-inline-color has-blogar-tertiary-color\">le d\u00e9lai de recrutement ;<\/mark><\/li>\n\n\n\n<li><mark style=\"background-color:rgba(0, 0, 0, 0)\" class=\"has-inline-color has-blogar-tertiary-color\">le nombre de candidatures re\u00e7ues ;<\/mark><\/li>\n\n\n\n<li><mark style=\"background-color:rgba(0, 0, 0, 0)\" class=\"has-inline-color has-blogar-tertiary-color\">le nombre de candidatures qualifi\u00e9es ;<\/mark><\/li>\n\n\n\n<li><mark style=\"background-color:rgba(0, 0, 0, 0)\" class=\"has-inline-color has-blogar-tertiary-color\">le taux de conversion entre les diff\u00e9rentes \u00e9tapes ;<\/mark><\/li>\n\n\n\n<li><mark style=\"background-color:rgba(0, 0, 0, 0)\" class=\"has-inline-color has-blogar-tertiary-color\">la source des candidatures ;<\/mark><\/li>\n\n\n\n<li><mark style=\"background-color:rgba(0, 0, 0, 0)\" class=\"has-inline-color has-blogar-tertiary-color\">le co\u00fbt par recrutement, lorsque la donn\u00e9e est disponible ;<\/mark><\/li>\n\n\n\n<li><mark style=\"background-color:rgba(0, 0, 0, 0)\" class=\"has-inline-color has-blogar-tertiary-color\">le taux d\u2019acceptation des propositions ;<\/mark><\/li>\n\n\n\n<li><mark style=\"background-color:rgba(0, 0, 0, 0)\" class=\"has-inline-color has-blogar-tertiary-color\">le taux de r\u00e9tention apr\u00e8s recrutement, lorsque l\u2019entreprise dispose de suffisamment de recul.<\/mark><\/li>\n<\/ul>\n\n\n\n<p>L\u2019objectif n\u2019est pas de suivre un maximum d\u2019indicateurs, mais de s\u00e9lectionner ceux qui permettent r\u00e9ellement de piloter les recrutements.<\/p>\n\n\n\n<h1 class=\"wp-block-heading\"><span class=\"ez-toc-section\" id=\"4_FAQ_recrutement_et_rentree_2026\"><\/span><strong>4. FAQ : recrutement et rentr\u00e9e 2026<\/strong><span class=\"ez-toc-section-end\"><\/span><\/h1>\n\n\n\n<h2 class=\"wp-block-heading\"><span class=\"ez-toc-section\" id=\"Quels_profils_recruter_en_priorite_a_la_rentree\"><\/span><strong>Quels profils recruter en priorit\u00e9 \u00e0 la rentr\u00e9e ?<\/strong><span class=\"ez-toc-section-end\"><\/span><\/h2>\n\n\n\n<p>Les profils \u00e0 recruter en priorit\u00e9 sont ceux qui r\u00e9pondent aux besoins les plus importants pour la continuit\u00e9 ou le d\u00e9veloppement de l\u2019activit\u00e9. Il peut s\u2019agir de remplacements, de cr\u00e9ations de postes ou de comp\u00e9tences n\u00e9cessaires \u00e0 de nouveaux projets. La priorit\u00e9 doit \u00eatre d\u00e9finie par chaque entreprise en fonction de ses objectifs, de son organisation et de ses besoins en recrutement, plut\u00f4t qu\u2019en fonction d\u2019une liste g\u00e9n\u00e9rique de m\u00e9tiers.<\/p>\n\n\n\n<h2 class=\"wp-block-heading\"><span class=\"ez-toc-section\" id=\"Comment_anticiper_ses_besoins_en_recrutement\"><\/span><strong>Comment anticiper ses besoins en recrutement ?<\/strong><span class=\"ez-toc-section-end\"><\/span><\/h2>\n\n\n\n<p>Pour anticiper ses besoins en recrutement, l\u2019entreprise doit commencer par recenser les postes vacants, les recrutements d\u00e9j\u00e0 pr\u00e9vus, les remplacements, les cr\u00e9ations de postes et les besoins li\u00e9s aux projets \u00e0 venir. Le recruteur peut ensuite classer ces besoins par priorit\u00e9 et d\u00e9finir les comp\u00e9tences indispensables pour chaque poste. Cette pr\u00e9paration permet de lancer plus rapidement le processus lorsque le besoin est confirm\u00e9.<\/p>\n\n\n\n<h2 class=\"wp-block-heading\"><span class=\"ez-toc-section\" id=\"Combien_de_temps_prevoir_pour_recruter_un_candidat\"><\/span><strong>Combien de temps pr\u00e9voir pour recruter un candidat ?<\/strong><span class=\"ez-toc-section-end\"><\/span><\/h2>\n\n\n\n<p>Il n\u2019existe pas de dur\u00e9e universelle applicable \u00e0 tous les recrutements. Le d\u00e9lai d\u00e9pend notamment du poste, du niveau de sp\u00e9cialisation recherch\u00e9, du nombre de candidatures, des \u00e9tapes de s\u00e9lection, des validations internes et du pr\u00e9avis \u00e9ventuel du candidat. Il est donc pr\u00e9f\u00e9rable de planifier chaque recrutement en tenant compte de l\u2019ensemble du processus, depuis la validation du besoin jusqu\u2019\u00e0 l\u2019arriv\u00e9e du candidat.<\/p>\n\n\n\n<h2 class=\"wp-block-heading\"><span class=\"ez-toc-section\" id=\"Comment_les_outils_digitaux_peuvent-ils_faciliter_le_recrutement\"><\/span><strong>Comment les outils digitaux peuvent-ils faciliter le recrutement ?<\/strong><span class=\"ez-toc-section-end\"><\/span><\/h2>\n\n\n\n<p>Les outils digitaux peuvent faciliter le recrutement en centralisant les candidatures, en diffusant les offres, en facilitant le sourcing et en automatisant certaines t\u00e2ches r\u00e9p\u00e9titives. Ils peuvent \u00e9galement permettre de suivre les diff\u00e9rentes \u00e9tapes du processus et d\u2019analyser certaines donn\u00e9es. L\u2019IA peut compl\u00e9ter ces outils pour assister le recruteur dans certaines t\u00e2ches, mais les d\u00e9cisions sensibles doivent conserver une validation humaine.<\/p>\n\n\n\n<h1 class=\"wp-block-heading\"><span class=\"ez-toc-section\" id=\"5_Conclusion\"><\/span><strong>5. Conclusion<\/strong><span class=\"ez-toc-section-end\"><\/span><\/h1>\n\n\n\n<p>La rentr\u00e9e 2026 peut \u00eatre l\u2019occasion de structurer les recrutements avant que les besoins ne deviennent urgents. La premi\u00e8re \u00e9tape consiste \u00e0 faire le bilan des effectifs et \u00e0 prioriser les postes \u00e0 pourvoir. Il faut ensuite d\u00e9finir pr\u00e9cis\u00e9ment les comp\u00e9tences recherch\u00e9es, actualiser les fiches de poste, anticiper les diff\u00e9rentes \u00e9tapes du processus et choisir les canaux de sourcing adapt\u00e9s.<\/p>\n\n\n\n<p>Les outils digitaux peuvent simplifier certaines t\u00e2ches, faciliter la gestion des candidatures et am\u00e9liorer le suivi des recrutements. L\u2019<a href=\"https:\/\/blog.emploitic.com\/index.php\/interview-sans-filtre-tarik-metnani\/\" target=\"_blank\" rel=\"noopener\" title=\"IA\">IA<\/a> peut \u00e9galement assister les \u00e9quipes RH sur des t\u00e2ches cibl\u00e9es, \u00e0 condition de conserver une validation humaine.<\/p>\n\n\n\n<p>Enfin, le suivi des KPI permet de mesurer progressivement l\u2019efficacit\u00e9 du processus et d\u2019identifier les am\u00e9liorations \u00e0 apporter.<\/p>\n\n\n\n<p>Pour les entreprises qui recrutent en Alg\u00e9rie, des plateformes comme <a href=\"https:\/\/entreprises.emploitic.com\/?utm_source=site_emploitic&amp;utm_medium=site_emploitic&amp;utm_campaign=site_emploitic\" target=\"_blank\" rel=\"noopener\" title=\"Emploitic \"><strong>Emploitic<\/strong> <\/a>peuvent servir \u00e0 diffuser les offres, am\u00e9liorer leur visibilit\u00e9 aupr\u00e8s des candidats et faciliter la recherche de profils. La s\u00e9lection et le recrutement restent ensuite sous la responsabilit\u00e9 de l\u2019entreprise.<\/p>\n\n\n\n<h3 class=\"wp-block-heading\"><span class=\"ez-toc-section\" id=\"Offre_speciale_rentree_pour_booster_vos_recrutements\"><\/span>Offre sp\u00e9ciale rentr\u00e9e pour booster vos recrutements !<span class=\"ez-toc-section-end\"><\/span><\/h3>\n\n\n\n<p>La rentr\u00e9e est le moment id\u00e9al pour anticiper vos besoins et trouver les profils qui accompagneront vos prochains projets.<\/p>\n\n\n\n<p><strong>Profitez de notre offre sp\u00e9ciale rentr\u00e9e et donnez un nouvel \u00e9lan \u00e0 vos recrutements avec Emploitic.<\/strong><\/p>\n\n\n\n<p>\ud83d\udce9 <strong>Int\u00e9ress\u00e9(e) ? Envoyez votre demande d\u00e8s maintenant \u00e0 : <\/strong><a href=\"mailto:recruteur@emploitic.com\"><strong>recruteur@emploitic.com<\/strong><\/a><\/p>\n","protected":false},"excerpt":{"rendered":"<p><span class=\"span-reading-time rt-reading-time\" style=\"display: block;\"><span class=\"rt-label rt-prefix\">Temps de lecture\u00a0: <\/span> <span class=\"rt-time\"> 7<\/span> <span class=\"rt-label rt-postfix\">minutes<\/span><\/span>La rentr\u00e9e constitue une p\u00e9riode strat\u00e9gique pour les entreprises. Apr\u00e8s la p\u00e9riode estivale, les \u00e9quipes reprennent leur rythme, les projets red\u00e9marrent, de nouveaux objectifs sont fix\u00e9s et certains besoins en comp\u00e9tences deviennent plus visibles. Pour les recruteurs, cette p\u00e9riode peut donc \u00eatre l\u2019occasion de remettre \u00e0 plat les besoins en effectifs et de pr\u00e9parer les [&hellip;]<\/p>\n","protected":false},"author":28,"featured_media":5058,"comment_status":"closed","ping_status":"closed","sticky":false,"template":"","format":"standard","meta":{"om_disable_all_campaigns":false,"_monsterinsights_skip_tracking":false,"_monsterinsights_sitenote_active":false,"_monsterinsights_sitenote_note":"","_monsterinsights_sitenote_category":0,"_themeisle_gutenberg_block_has_review":false,"footnotes":""},"categories":[4],"tags":[],"class_list":["post-5057","post","type-post","status-publish","format-standard","has-post-thumbnail","hentry","category-management-rh"],"aioseo_notices":[],"_links":{"self":[{"href":"https:\/\/blog.emploitic.com\/index.php\/wp-json\/wp\/v2\/posts\/5057","targetHints":{"allow":["GET"]}}],"collection":[{"href":"https:\/\/blog.emploitic.com\/index.php\/wp-json\/wp\/v2\/posts"}],"about":[{"href":"https:\/\/blog.emploitic.com\/index.php\/wp-json\/wp\/v2\/types\/post"}],"author":[{"embeddable":true,"href":"https:\/\/blog.emploitic.com\/index.php\/wp-json\/wp\/v2\/users\/28"}],"replies":[{"embeddable":true,"href":"https:\/\/blog.emploitic.com\/index.php\/wp-json\/wp\/v2\/comments?post=5057"}],"version-history":[{"count":1,"href":"https:\/\/blog.emploitic.com\/index.php\/wp-json\/wp\/v2\/posts\/5057\/revisions"}],"predecessor-version":[{"id":5059,"href":"https:\/\/blog.emploitic.com\/index.php\/wp-json\/wp\/v2\/posts\/5057\/revisions\/5059"}],"wp:featuredmedia":[{"embeddable":true,"href":"https:\/\/blog.emploitic.com\/index.php\/wp-json\/wp\/v2\/media\/5058"}],"wp:attachment":[{"href":"https:\/\/blog.emploitic.com\/index.php\/wp-json\/wp\/v2\/media?parent=5057"}],"wp:term":[{"taxonomy":"category","embeddable":true,"href":"https:\/\/blog.emploitic.com\/index.php\/wp-json\/wp\/v2\/categories?post=5057"},{"taxonomy":"post_tag","embeddable":true,"href":"https:\/\/blog.emploitic.com\/index.php\/wp-json\/wp\/v2\/tags?post=5057"}],"curies":[{"name":"wp","href":"https:\/\/api.w.org\/{rel}","templated":true}]}}