{"id":515,"date":"2022-01-19T14:45:36","date_gmt":"2022-01-19T13:45:36","guid":{"rendered":"https:\/\/blog.emploitic.com\/?p=515"},"modified":"2023-04-23T13:56:54","modified_gmt":"2023-04-23T11:56:54","slug":"conseil-de-la-semaine-si-on-na-pas-de-retour-peut-on-contacter-le-recruteur","status":"publish","type":"post","link":"https:\/\/blog.emploitic.com\/index.php\/conseil-de-la-semaine-si-on-na-pas-de-retour-peut-on-contacter-le-recruteur\/","title":{"rendered":"Conseil de la semaine: Si on n&#8217;a pas de retour, peut-on contacter le recruteur ?"},"content":{"rendered":"\n<p><strong>Le conseil de la semaine<\/strong>&nbsp;par Emploitic en collaboration avec Amina Berkani, Cadre RH chez Sorfert<\/p>\n\n\n\n<p>D\u00e9couvrez le&nbsp;conseil d&#8217;Amina pour&nbsp;conna\u00eetre comment&nbsp;contacter&nbsp;un recruteur apr\u00e9s un entretien<\/p>\n\n\n\n<h2 class=\"has-text-align-center wp-block-heading\"><mark style=\"background-color:rgba(0, 0, 0, 0)\" class=\"has-inline-color has-nv-c-1-color\">Si on n&#8217;a pas de retour, peut-on contacter le recruteur ?<\/mark><\/h2>\n\n\n\n<figure class=\"wp-block-embed is-type-video is-provider-youtube wp-block-embed-youtube wp-embed-aspect-16-9 wp-has-aspect-ratio\"><div class=\"wp-block-embed__wrapper\">\n<iframe title=\"Si on n&#039;a pas de retour, peut-on contacter le recruteur ?\" width=\"640\" height=\"360\" src=\"https:\/\/www.youtube.com\/embed\/fF9cJFFa-e4?feature=oembed\" frameborder=\"0\" allow=\"accelerometer; autoplay; clipboard-write; encrypted-media; gyroscope; picture-in-picture; web-share\" referrerpolicy=\"strict-origin-when-cross-origin\" allowfullscreen><\/iframe>\n<\/div><figcaption class=\"wp-element-caption\"><strong>Equipe Emploitic<\/strong><\/figcaption><\/figure>\n\n\n\n<p><\/p>\n","protected":false},"excerpt":{"rendered":"<p>Le conseil de la semaine&nbsp;par Emploitic en collaboration avec Amina Berkani, Cadre RH chez Sorfert D\u00e9couvrez le&nbsp;conseil d&#8217;Amina pour&nbsp;conna\u00eetre comment&nbsp;contacter&nbsp;un recruteur apr\u00e9s un entretien Si on n&#8217;a pas de retour, peut-on contacter le recruteur ?<\/p>\n","protected":false},"author":7,"featured_media":3831,"comment_status":"open","ping_status":"open","sticky":false,"template":"","format":"standard","meta":{"om_disable_all_campaigns":false,"_monsterinsights_skip_tracking":false,"_monsterinsights_sitenote_active":false,"_monsterinsights_sitenote_note":"","_monsterinsights_sitenote_category":0,"_themeisle_gutenberg_block_has_review":false,"footnotes":""},"categories":[2],"tags":[],"class_list":["post-515","post","type-post","status-publish","format-standard","has-post-thumbnail","hentry","category-gerer-sa-carriere"],"aioseo_notices":[],"_links":{"self":[{"href":"https:\/\/blog.emploitic.com\/index.php\/wp-json\/wp\/v2\/posts\/515","targetHints":{"allow":["GET"]}}],"collection":[{"href":"https:\/\/blog.emploitic.com\/index.php\/wp-json\/wp\/v2\/posts"}],"about":[{"href":"https:\/\/blog.emploitic.com\/index.php\/wp-json\/wp\/v2\/types\/post"}],"author":[{"embeddable":true,"href":"https:\/\/blog.emploitic.com\/index.php\/wp-json\/wp\/v2\/users\/7"}],"replies":[{"embeddable":true,"href":"https:\/\/blog.emploitic.com\/index.php\/wp-json\/wp\/v2\/comments?post=515"}],"version-history":[{"count":1,"href":"https:\/\/blog.emploitic.com\/index.php\/wp-json\/wp\/v2\/posts\/515\/revisions"}],"predecessor-version":[{"id":3288,"href":"https:\/\/blog.emploitic.com\/index.php\/wp-json\/wp\/v2\/posts\/515\/revisions\/3288"}],"wp:featuredmedia":[{"embeddable":true,"href":"https:\/\/blog.emploitic.com\/index.php\/wp-json\/wp\/v2\/media\/3831"}],"wp:attachment":[{"href":"https:\/\/blog.emploitic.com\/index.php\/wp-json\/wp\/v2\/media?parent=515"}],"wp:term":[{"taxonomy":"category","embeddable":true,"href":"https:\/\/blog.emploitic.com\/index.php\/wp-json\/wp\/v2\/categories?post=515"},{"taxonomy":"post_tag","embeddable":true,"href":"https:\/\/blog.emploitic.com\/index.php\/wp-json\/wp\/v2\/tags?post=515"}],"curies":[{"name":"wp","href":"https:\/\/api.w.org\/{rel}","templated":true}]}}