{"id":518,"date":"2022-01-19T14:47:27","date_gmt":"2022-01-19T13:47:27","guid":{"rendered":"https:\/\/blog.emploitic.com\/?p=518"},"modified":"2023-04-23T14:03:22","modified_gmt":"2023-04-23T12:03:22","slug":"conseil-de-la-semaine-rester-productif-et-efficace-en-teletravail","status":"publish","type":"post","link":"https:\/\/blog.emploitic.com\/index.php\/conseil-de-la-semaine-rester-productif-et-efficace-en-teletravail\/","title":{"rendered":"Conseil de la semaine: Rester productif et efficace en t\u00e9l\u00e9travail"},"content":{"rendered":"\n<p>Le conseil de la semaine&nbsp;<strong>by Emploitic<\/strong>.<\/p>\n\n\n\n<p>D\u00e9couvrez c&#8217;est quoi les styles de personnalit\u00e9 et comment les identifier sur cette vid\u00e9o<\/p>\n\n\n\n<figure class=\"wp-block-embed is-type-video is-provider-youtube wp-block-embed-youtube wp-embed-aspect-16-9 wp-has-aspect-ratio\"><div class=\"wp-block-embed__wrapper\">\n<iframe title=\"Rester productif et efficace en t\u00e9l\u00e9travail\" width=\"640\" height=\"360\" src=\"https:\/\/www.youtube.com\/embed\/laxS3wl8Tew?feature=oembed\" frameborder=\"0\" allow=\"accelerometer; autoplay; clipboard-write; encrypted-media; gyroscope; picture-in-picture; web-share\" referrerpolicy=\"strict-origin-when-cross-origin\" allowfullscreen><\/iframe>\n<\/div><figcaption class=\"wp-element-caption\"><strong>Equipe Emploitic<\/strong><\/figcaption><\/figure>\n","protected":false},"excerpt":{"rendered":"<p>Le conseil de la semaine&nbsp;by Emploitic. D\u00e9couvrez c&#8217;est quoi les styles de personnalit\u00e9 et comment les identifier sur cette vid\u00e9o<\/p>\n","protected":false},"author":7,"featured_media":3847,"comment_status":"open","ping_status":"open","sticky":false,"template":"","format":"standard","meta":{"om_disable_all_campaigns":false,"_monsterinsights_skip_tracking":false,"_monsterinsights_sitenote_active":false,"_monsterinsights_sitenote_note":"","_monsterinsights_sitenote_category":0,"_themeisle_gutenberg_block_has_review":false,"footnotes":""},"categories":[2],"tags":[],"class_list":["post-518","post","type-post","status-publish","format-standard","has-post-thumbnail","hentry","category-gerer-sa-carriere"],"aioseo_notices":[],"_links":{"self":[{"href":"https:\/\/blog.emploitic.com\/index.php\/wp-json\/wp\/v2\/posts\/518","targetHints":{"allow":["GET"]}}],"collection":[{"href":"https:\/\/blog.emploitic.com\/index.php\/wp-json\/wp\/v2\/posts"}],"about":[{"href":"https:\/\/blog.emploitic.com\/index.php\/wp-json\/wp\/v2\/types\/post"}],"author":[{"embeddable":true,"href":"https:\/\/blog.emploitic.com\/index.php\/wp-json\/wp\/v2\/users\/7"}],"replies":[{"embeddable":true,"href":"https:\/\/blog.emploitic.com\/index.php\/wp-json\/wp\/v2\/comments?post=518"}],"version-history":[{"count":1,"href":"https:\/\/blog.emploitic.com\/index.php\/wp-json\/wp\/v2\/posts\/518\/revisions"}],"predecessor-version":[{"id":3286,"href":"https:\/\/blog.emploitic.com\/index.php\/wp-json\/wp\/v2\/posts\/518\/revisions\/3286"}],"wp:featuredmedia":[{"embeddable":true,"href":"https:\/\/blog.emploitic.com\/index.php\/wp-json\/wp\/v2\/media\/3847"}],"wp:attachment":[{"href":"https:\/\/blog.emploitic.com\/index.php\/wp-json\/wp\/v2\/media?parent=518"}],"wp:term":[{"taxonomy":"category","embeddable":true,"href":"https:\/\/blog.emploitic.com\/index.php\/wp-json\/wp\/v2\/categories?post=518"},{"taxonomy":"post_tag","embeddable":true,"href":"https:\/\/blog.emploitic.com\/index.php\/wp-json\/wp\/v2\/tags?post=518"}],"curies":[{"name":"wp","href":"https:\/\/api.w.org\/{rel}","templated":true}]}}