{"id":749,"date":"2022-01-24T09:44:43","date_gmt":"2022-01-24T08:44:43","guid":{"rendered":"https:\/\/blog.emploitic.com\/?p=749"},"modified":"2023-04-23T13:09:34","modified_gmt":"2023-04-23T11:09:34","slug":"nos-webinars-conseils-carriere-continuent-sur-emploitic","status":"publish","type":"post","link":"https:\/\/blog.emploitic.com\/index.php\/nos-webinars-conseils-carriere-continuent-sur-emploitic\/","title":{"rendered":"Nos webinars conseils carri\u00e8re continuent sur Emploitic !"},"content":{"rendered":"\n<p>Emploitic&nbsp;! Plus que jamais \u00e0 l\u2019\u00e9coute des besoins de nos chers candidats et soucieux de leurs besoins!<\/p>\n\n\n\n<p>Nous continuons notre&nbsp;programme&nbsp;de<strong>&nbsp;webinars conseils carri\u00e8re&nbsp;<\/strong>durant tout le mois de Ramadan.<\/p>\n\n\n\n<p>Un programme riche et vari\u00e9 avec la g\u00e9n\u00e9reuse participation de nombreux professionnels des Ressources humaines ainsi que des coachs et formateurs de renom.<\/p>\n\n\n<div class=\"wp-block-image\">\n<figure class=\"aligncenter is-resized\"><img fetchpriority=\"high\" decoding=\"async\" src=\"https:\/\/www.emploitic.com\/images\/webinar-conseil.jpg\" alt=\"\" width=\"560\" height=\"224\"\/><\/figure><\/div>\n\n\n<p><strong>Parmi les th\u00e8mes abord\u00e9s:<\/strong><\/p>\n\n\n\n<p>Comment entreprendre&nbsp;? Comment aborder le recruteur&nbsp;? Comment d\u00e9finir son projet professionnel&nbsp;? Comment G\u00e9rer son Stress&nbsp;? et bien d\u2019autres aspects de la vie professionnelle ont \u00e9t\u00e9 abord\u00e9s par nos intervenants, dans&nbsp;<strong>un esprit d\u2019\u00e9change et de partage<\/strong>&nbsp;avec les candidats.<\/p>\n\n\n\n<p>Ces derniers ont pu interagir directement avec nos speakers et profiter de leurs conseils et de leurs orientations.<\/p>\n\n\n\n<p><strong>Le programme de ces conf\u00e9rences en ligne continue :<\/strong><\/p>\n\n\n\n<p>Une s\u00e9rie de nouveaux webinars avec de nouveaux speakers est \u00e0 venir.<\/p>\n\n\n\n<p>Restez branch\u00e9s et suivez notre programme qui est continuellement enrichi&nbsp;<\/p>\n\n\n\n<p><a rel=\"noreferrer noopener\" href=\"https:\/\/www.emploitic.com\/conseils\/actualite-et-conseils\/actualite-news\/957-emploitic-lance-son-programme-de-webinars-conseils-carri%C3%A8re\" target=\"_blank\"><strong>Cliquez ICI<\/strong><\/a>&nbsp;pour n\u2019en rater&nbsp;aucune des conf\u00e9rences et revoir nos replays.<\/p>\n\n\n\n<figure class=\"wp-block-image\"><img decoding=\"async\" src=\"https:\/\/www.emploitic.com\/images\/webinar.JPG\" alt=\"\"\/><figcaption class=\"wp-element-caption\">Equipe Emploitic.<\/figcaption><\/figure>\n","protected":false},"excerpt":{"rendered":"<p>Emploitic&nbsp;! Plus que jamais \u00e0 l\u2019\u00e9coute des besoins de nos chers candidats et soucieux de leurs besoins! Nous continuons notre&nbsp;programme&nbsp;de&nbsp;webinars conseils carri\u00e8re&nbsp;durant tout le mois de Ramadan. Un programme riche et vari\u00e9 avec la g\u00e9n\u00e9reuse participation de nombreux professionnels des Ressources humaines ainsi que des coachs et formateurs de renom. Parmi les th\u00e8mes abord\u00e9s: Comment [&hellip;]<\/p>\n","protected":false},"author":7,"featured_media":3787,"comment_status":"open","ping_status":"open","sticky":false,"template":"","format":"standard","meta":{"om_disable_all_campaigns":false,"_monsterinsights_skip_tracking":false,"_monsterinsights_sitenote_active":false,"_monsterinsights_sitenote_note":"","_monsterinsights_sitenote_category":0,"_themeisle_gutenberg_block_has_review":false,"footnotes":""},"categories":[2],"tags":[],"class_list":["post-749","post","type-post","status-publish","format-standard","has-post-thumbnail","hentry","category-gerer-sa-carriere"],"aioseo_notices":[],"_links":{"self":[{"href":"https:\/\/blog.emploitic.com\/index.php\/wp-json\/wp\/v2\/posts\/749","targetHints":{"allow":["GET"]}}],"collection":[{"href":"https:\/\/blog.emploitic.com\/index.php\/wp-json\/wp\/v2\/posts"}],"about":[{"href":"https:\/\/blog.emploitic.com\/index.php\/wp-json\/wp\/v2\/types\/post"}],"author":[{"embeddable":true,"href":"https:\/\/blog.emploitic.com\/index.php\/wp-json\/wp\/v2\/users\/7"}],"replies":[{"embeddable":true,"href":"https:\/\/blog.emploitic.com\/index.php\/wp-json\/wp\/v2\/comments?post=749"}],"version-history":[{"count":1,"href":"https:\/\/blog.emploitic.com\/index.php\/wp-json\/wp\/v2\/posts\/749\/revisions"}],"predecessor-version":[{"id":3218,"href":"https:\/\/blog.emploitic.com\/index.php\/wp-json\/wp\/v2\/posts\/749\/revisions\/3218"}],"wp:featuredmedia":[{"embeddable":true,"href":"https:\/\/blog.emploitic.com\/index.php\/wp-json\/wp\/v2\/media\/3787"}],"wp:attachment":[{"href":"https:\/\/blog.emploitic.com\/index.php\/wp-json\/wp\/v2\/media?parent=749"}],"wp:term":[{"taxonomy":"category","embeddable":true,"href":"https:\/\/blog.emploitic.com\/index.php\/wp-json\/wp\/v2\/categories?post=749"},{"taxonomy":"post_tag","embeddable":true,"href":"https:\/\/blog.emploitic.com\/index.php\/wp-json\/wp\/v2\/tags?post=749"}],"curies":[{"name":"wp","href":"https:\/\/api.w.org\/{rel}","templated":true}]}}